{"id":260386,"date":"2025-07-29T10:13:00","date_gmt":"2025-07-29T08:13:00","guid":{"rendered":"https:\/\/coachlab.hu\/?p=260386"},"modified":"2025-07-28T21:47:27","modified_gmt":"2025-07-28T19:47:27","slug":"7-nap-szemelyes-fejlodes-egy-het-megvaltoztathat","status":"publish","type":"post","link":"https:\/\/coachlab.hu\/en\/blog\/7-days-of-eye-development-can-change-a-week\/","title":{"rendered":"7 Days of Personal Development That Can Change You - The Coaching Reality Behind Fast Change"},"content":{"rendered":"<h2 class=\"wp-block-heading\"><a href=\"https:\/\/coachlab.hu\/en\/blog\/7-days-of-eye-development-can-change-a-week\/\">7 Days of Personal Development That Can Change You - The Coaching Reality Behind Fast Change<\/a><\/h2>\n\n\n\n<p>.<\/p>\n\n\n\n<hr class=\"wp-block-separator has-alpha-channel-opacity\"\/>\n\n\n\n<h2 class=\"wp-block-heading\">Is it possible to change positively in 7 days, in one week?<\/h2>\n\n\n\n<p>The answer: <strong>yes<\/strong>. Most people overestimate what can happen in a year, but <strong>underestimate what they can do in seven days<\/strong>if they commit. In a week, the world doesn't know you - <strong>but you on yourself<\/strong>.<\/p>\n\n\n\n<p>In this paper, I present a 7-day mindset shift that will <a href=\"https:\/\/coachlab.hu\/en\/\" target=\"_blank\" rel=\"noreferrer noopener\">coaching<\/a> will lead you from the <strong>a more aware, focused and disciplined you<\/strong>.<\/p>\n\n\n\n<hr class=\"wp-block-separator has-alpha-channel-opacity\"\/>\n\n\n\n<h2 class=\"wp-block-heading\">What does it take to make lasting change?<\/h2>\n\n\n\n<p>Lasting change is not a matter of time - it is a matter of <strong>determination and discipline<\/strong>. Every major transformation starts with a decision:<\/p>\n\n\n\n<blockquote class=\"wp-block-quote is-layout-flow wp-block-quote-is-layout-flow\">\n<p><strong>\"I'm not waiting any longer - I'm starting now.\"<\/strong><\/p>\n<\/blockquote>\n\n\n\n<p>And this is what creates a new identity.<\/p>\n\n\n\n<hr class=\"wp-block-separator has-alpha-channel-opacity\"\/>\n\n\n\n<figure class=\"wp-block-image aligncenter size-full\"><img decoding=\"async\" width=\"1280\" height=\"1280\" src=\"https:\/\/CoachLab.hu\/wp-content\/uploads\/7-nap-Szemelyes-Fejlodes-Ami-Megvaltoztathat-Teged-A-Gyors-Valtozas-Mogott-Rejlo-Coaching-Valosag-self-love-7454656_1280.webp\" alt=\"7 Days of Personal Development That Can Change You - The Coaching Reality Behind Fast Change\" class=\"wp-image-260388\" srcset=\"https:\/\/CoachLab.hu\/wp-content\/uploads\/7-nap-Szemelyes-Fejlodes-Ami-Megvaltoztathat-Teged-A-Gyors-Valtozas-Mogott-Rejlo-Coaching-Valosag-self-love-7454656_1280.webp 1280w, https:\/\/CoachLab.hu\/wp-content\/uploads\/7-nap-Szemelyes-Fejlodes-Ami-Megvaltoztathat-Teged-A-Gyors-Valtozas-Mogott-Rejlo-Coaching-Valosag-self-love-7454656_1280-980x980.webp 980w, https:\/\/CoachLab.hu\/wp-content\/uploads\/7-nap-Szemelyes-Fejlodes-Ami-Megvaltoztathat-Teged-A-Gyors-Valtozas-Mogott-Rejlo-Coaching-Valosag-self-love-7454656_1280-480x480.webp 480w\" sizes=\"(min-width: 0px) and (max-width: 480px) 480px, (min-width: 481px) and (max-width: 980px) 980px, (min-width: 981px) 1280px, 100vw\" \/><figcaption class=\"wp-element-caption\">7 Days of Personal Development That Can Change You - The Coaching Reality Behind Fast Change<\/figcaption><\/figure>\n\n\n\n<h2 class=\"wp-block-heading\">1. Start the morning like a winner<\/h2>\n\n\n\n<p>The quality of your morning determines the energy level and focus of your whole day.<br>A conscious morning routine is not a \"fashion\", but a <strong>the first element of personal leadership<\/strong>.<\/p>\n\n\n\n<p><strong>Tip:<\/strong><\/p>\n\n\n\n<ul class=\"wp-block-list\">\n<li>Drink, hydrate after waking up<\/li>\n\n\n\n<li>Move your body<\/li>\n\n\n\n<li>Don't open your emails\/phone for the first 1 hour<\/li>\n\n\n\n<li>Write down why this day is important to you<\/li>\n<\/ul>\n\n\n\n<hr class=\"wp-block-separator has-alpha-channel-opacity\"\/>\n\n\n\n<div class=\"wp-block-buttons is-content-justification-center is-layout-flex wp-container-core-buttons-is-layout-16018d1d wp-block-buttons-is-layout-flex\">\n<div class=\"wp-block-button\"><a class=\"wp-block-button__link wp-element-button\" href=\"#email\">Let's work together<\/a><\/div>\n<\/div>\n\n\n\n<h2 class=\"wp-block-heading\">2. Give up your one habit that's holding you back<\/h2>\n\n\n\n<p>No need for ten new good habits - <strong>letting go of one wrong is enough<\/strong>. Breaking a small but regular pattern can release enormous energy.<\/p>\n\n\n\n<p><strong>Examples:<\/strong><\/p>\n\n\n\n<ul class=\"wp-block-list\">\n<li>Unnecessary smartphone or social media scrolling in the morning or evening<\/li>\n\n\n\n<li>Negative self-talk<\/li>\n\n\n\n<li>Delays, procrastination<\/li>\n<\/ul>\n\n\n\n<p class=\"has-medium-font-size\">Change starts with this: <strong>decision \u2192 action \u2192 new identity<\/strong>.<\/p>\n\n\n\n<hr class=\"wp-block-separator has-alpha-channel-opacity\"\/>\n\n\n\n<h2 class=\"wp-block-heading\">3. Get some daily exercise - <strong>not for body image, but for focus<\/strong><\/h2>\n\n\n\n<p><strong>Movement is a mental resource<\/strong>. The aim is not external change, but the activation of internal forces. When you control your body, <strong>you send a signal to your mind: \"I'm in control of my life\"<\/strong>.<\/p>\n\n\n\n<p><strong>Minimum:<\/strong> 15-30 minutes of walking, stretching, or dynamic movement per day.<\/p>\n\n\n\n<hr class=\"wp-block-separator has-alpha-channel-opacity\"\/>\n\n\n\n<h2 class=\"wp-block-heading\">4. Filter what you let into your mind<\/h2>\n\n\n\n<p>Your mental \"nutrition\" determines the quality of your feelings, thoughts and decisions. If your day is filled with negative news, complaining people or noisy content, <strong>you have no mental bandwidth left to change<\/strong>.<\/p>\n\n\n\n<p><strong>Try it:<\/strong><\/p>\n\n\n\n<ul class=\"wp-block-list\">\n<li>7 days digital detox (notifications, news, unnecessary scroll stop)<\/li>\n\n\n\n<li>Quiet breakfast with 30 minutes of reading or writing<\/li>\n<\/ul>\n\n\n\n<hr class=\"wp-block-separator has-alpha-channel-opacity\"\/>\n\n\n\n<h2 class=\"wp-block-heading\">5. Plan - don't improvise<\/h2>\n\n\n\n<div style=\"height:50px\" aria-hidden=\"true\" class=\"wp-block-spacer\"><\/div>\n\n\n\n<div class=\"wp-block-buttons is-content-justification-center is-layout-flex wp-container-core-buttons-is-layout-16018d1d wp-block-buttons-is-layout-flex\">\n<div class=\"wp-block-button\"><a class=\"wp-block-button__link wp-element-button\" href=\"#email\"><strong>Plan with us!<\/strong><\/a><\/div>\n<\/div>\n\n\n\n<div style=\"height:50px\" aria-hidden=\"true\" class=\"wp-block-spacer\"><\/div>\n\n\n\n<p>Success is not a coincidence, but <strong>the result of strategic decisions made on a daily basis<\/strong>. Most people do not plan - they react. Those who don't plan become extras to someone else's goals.<\/p>\n\n\n\n<p><strong>Tip:<\/strong><br>Make it every night:<\/p>\n\n\n\n<ul class=\"wp-block-list\">\n<li>3 important goals for the next day<\/li>\n\n\n\n<li>Time frame for these<\/li>\n\n\n\n<li>Single <em>invested in yourself<\/em> block (self-improvement, sport, reading)<\/li>\n<\/ul>\n\n\n\n<hr class=\"wp-block-separator has-alpha-channel-opacity\"\/>\n\n\n\n<figure class=\"wp-block-image aligncenter size-full\"><img decoding=\"async\" width=\"1280\" height=\"853\" src=\"https:\/\/CoachLab.hu\/wp-content\/uploads\/Motivacio-az-Ertekesitesben-Noveld-Ertekesitesi-Teljesitmenyedet-es-Tord-At-a-Plafont-man-742766_1280.webp\" alt=\"7 Days of Personal Development That Can Change You - The Coaching Reality Behind Fast Change\" class=\"wp-image-260293\" srcset=\"https:\/\/CoachLab.hu\/wp-content\/uploads\/Motivacio-az-Ertekesitesben-Noveld-Ertekesitesi-Teljesitmenyedet-es-Tord-At-a-Plafont-man-742766_1280.webp 1280w, https:\/\/CoachLab.hu\/wp-content\/uploads\/Motivacio-az-Ertekesitesben-Noveld-Ertekesitesi-Teljesitmenyedet-es-Tord-At-a-Plafont-man-742766_1280-980x653.webp 980w, https:\/\/CoachLab.hu\/wp-content\/uploads\/Motivacio-az-Ertekesitesben-Noveld-Ertekesitesi-Teljesitmenyedet-es-Tord-At-a-Plafont-man-742766_1280-480x320.webp 480w\" sizes=\"(min-width: 0px) and (max-width: 480px) 480px, (min-width: 481px) and (max-width: 980px) 980px, (min-width: 981px) 1280px, 100vw\" \/><figcaption class=\"wp-element-caption\">7 Days of Personal Development That Can Change You - The Coaching Reality Behind Fast Change<\/figcaption><\/figure>\n\n\n\n<h2 class=\"wp-block-heading\">6. Growth starts beyond the comfort zone<\/h2>\n\n\n\n<p>There is no need to think about extreme challenges. But there should be a point every day when <strong>uncomfortable but important<\/strong> you are doing. It's not a punishment - it's <strong>self-education.<\/strong><\/p>\n\n\n\n<p><strong>Examples:<\/strong><\/p>\n\n\n\n<ul class=\"wp-block-list\">\n<li>Say no to someone<\/li>\n\n\n\n<li>Start the task you've been putting off<\/li>\n\n\n\n<li>Say what you avoid<\/li>\n<\/ul>\n\n\n\n<p>Each such step builds on the <strong>the \"muscle\" of your self-esteem<\/strong>\u201e.<\/p>\n\n\n\n<hr class=\"wp-block-separator has-alpha-channel-opacity\"\/>\n\n\n\n<h2 class=\"wp-block-heading\">7. Be aware of the language you use about yourself<\/h2>\n\n\n\n<p>It's not your life circumstances, it's your <strong>your internal narrative<\/strong> determines how you experience the world. Your words shape your identity.<\/p>\n\n\n\n<p>Don't say, \"I'll try.\"<br>Say, \"I'll do it.\"<br>Don't say, \"I hope it works.\"<br>Say, \"I'm working on it.\"<\/p>\n\n\n\n<p>This is not self-deception. This is <strong>use of management language<\/strong>.<\/p>\n\n\n\n<hr class=\"wp-block-separator has-alpha-channel-opacity\"\/>\n\n\n\n<h2 class=\"wp-block-heading\">8. Do you wear your identity?<\/h2>\n\n\n\n<p>It's not the brand of clothes that counts - it's what you wear, <strong>reflects who you want to become<\/strong>. This is not superficiality. It is self-image. And self-image guides all your decisions.<\/p>\n\n\n\n<p>Start today: <strong>Dress as if your day matters. Because it does.<\/strong><\/p>\n\n\n\n<hr class=\"wp-block-separator has-alpha-channel-opacity\"\/>\n\n\n\n<figure class=\"wp-block-image aligncenter size-full\"><img decoding=\"async\" width=\"1280\" height=\"914\" src=\"https:\/\/CoachLab.hu\/wp-content\/uploads\/Motivacio-az-Ertekesitesben-Noveld-Ertekesitesi-Teljesitmenyedet-es-Tord-At-a-Plafont-NO-2613125_1280.webp\" alt=\"7 Days of Personal Development That Can Change You - The Coaching Reality Behind Fast Change\" class=\"wp-image-260294\" srcset=\"https:\/\/CoachLab.hu\/wp-content\/uploads\/Motivacio-az-Ertekesitesben-Noveld-Ertekesitesi-Teljesitmenyedet-es-Tord-At-a-Plafont-NO-2613125_1280.webp 1280w, https:\/\/CoachLab.hu\/wp-content\/uploads\/Motivacio-az-Ertekesitesben-Noveld-Ertekesitesi-Teljesitmenyedet-es-Tord-At-a-Plafont-NO-2613125_1280-980x700.webp 980w, https:\/\/CoachLab.hu\/wp-content\/uploads\/Motivacio-az-Ertekesitesben-Noveld-Ertekesitesi-Teljesitmenyedet-es-Tord-At-a-Plafont-NO-2613125_1280-480x343.webp 480w\" sizes=\"(min-width: 0px) and (max-width: 480px) 480px, (min-width: 481px) and (max-width: 980px) 980px, (min-width: 981px) 1280px, 100vw\" \/><figcaption class=\"wp-element-caption\">7 Days of Personal Development That Can Change You - The Coaching Reality Behind Fast Change<\/figcaption><\/figure>\n\n\n\n<h2 class=\"wp-block-heading\">9. Self-discipline: the foundation of real self-confidence<\/h2>\n\n\n\n<p>Self-confidence is not an innate quality - it is <strong>the result of keeping promises to yourself<\/strong>. Self-discipline <a href=\"https:\/\/coachbp.hu\/\" target=\"_blank\" rel=\"noreferrer noopener\">does not restrict, but liberates<\/a>.<\/p>\n\n\n\n<p><strong>Aim for the next 7 days:<\/strong><\/p>\n\n\n\n<ul class=\"wp-block-list\">\n<li>Keep your promise to yourself<\/li>\n\n\n\n<li>Don't decide according to your mood, but according to your values<\/li>\n<\/ul>\n\n\n\n<p>Every small victory is a brick in the <strong>a new wall of confidence<\/strong>.<\/p>\n\n\n\n<hr class=\"wp-block-separator has-alpha-channel-opacity\"\/>\n\n\n\n<h2 class=\"wp-block-heading\">10. End the day as a leader<\/h2>\n\n\n\n<figure class=\"wp-block-image aligncenter size-full is-resized\"><img decoding=\"async\" width=\"1272\" height=\"1372\" src=\"https:\/\/CoachLab.hu\/wp-content\/uploads\/RR_Badge_MG_6847_50_comp.jpg\" alt=\"Rob R\u00f3bert Rad\u00f3 CoachLab\" class=\"wp-image-260155\" style=\"width:500px\" srcset=\"https:\/\/CoachLab.hu\/wp-content\/uploads\/RR_Badge_MG_6847_50_comp.jpg 1272w, https:\/\/CoachLab.hu\/wp-content\/uploads\/RR_Badge_MG_6847_50_comp-980x1057.jpg 980w, https:\/\/CoachLab.hu\/wp-content\/uploads\/RR_Badge_MG_6847_50_comp-480x518.jpg 480w\" sizes=\"(min-width: 0px) and (max-width: 480px) 480px, (min-width: 481px) and (max-width: 980px) 980px, (min-width: 981px) 1272px, 100vw\" \/><figcaption class=\"wp-element-caption\">7 Days of Personal Development That Can Change You - The Coaching Reality Behind Fast Change<\/figcaption><\/figure>\n\n\n\n<p>The end of the day is a moment of integration. Most of us drift off in the evening and wake up the next day. Don't fall into this cycle. Be aware. Close the day as a leader.<\/p>\n\n\n\n<p><strong>An evening routine tip:<\/strong><\/p>\n\n\n\n<ul class=\"wp-block-list\">\n<li>Write 3 things you are grateful for<\/li>\n\n\n\n<li>Get ready for tomorrow's focus<\/li>\n\n\n\n<li>Turn off the screen 30 minutes before bedtime<\/li>\n<\/ul>\n\n\n\n<p>This is not \"spiritual fashion\" - it is <strong>mental leveling<\/strong>.<\/p>\n\n\n\n<hr class=\"wp-block-separator has-alpha-channel-opacity\"\/>\n\n\n\n<h2 class=\"wp-block-heading\">Summary: 7 days, one week may be enough<\/h2>\n\n\n\n<p>Real change is not a campaign. It is <strong>practising a new attitude<\/strong>.<br>One week is enough to feel that you can control your focus, your decisions, your energy.<\/p>\n\n\n\n<p>And when that happens, you don't need motivation - because <strong>you are already moving from the inside<\/strong>.<\/p>\n\n\n\n<hr class=\"wp-block-separator has-alpha-channel-opacity\"\/>\n<span class=\"et_bloom_bottom_trigger\"><\/span>","protected":false},"excerpt":{"rendered":"<p>7 nap Szem\u00e9lyes Fejl\u0151d\u00e9s, Ami Megv\u00e1ltoztathat T\u00e9ged \u2013 A Gyors V\u00e1ltoz\u00e1s M\u00f6g\u00f6tt Rejl\u0151 Coaching Val\u00f3s\u00e1g . Lehets\u00e9ges 7 nap alatt, egy h\u00e9t alatt pozit\u00edvan megv\u00e1ltozni? A v\u00e1lasz: igen. A legt\u00f6bben t\u00falbecs\u00fclik, mi t\u00f6rt\u00e9nhet egy \u00e9v alatt, de al\u00e1becs\u00fclik, mire k\u00e9pesek h\u00e9t nap alatt, ha elk\u00f6telez\u0151dnek. Egy h\u00e9t alatt nem a vil\u00e1g ismer r\u00e1d \u2013 hanem [&hellip;]<\/p>\n","protected":false},"author":526,"featured_media":260388,"comment_status":"closed","ping_status":"open","sticky":false,"template":"","format":"standard","meta":{"_et_pb_use_builder":"","_et_pb_old_content":"","_et_gb_content_width":"","footnotes":""},"categories":[1,83],"tags":[71,339],"class_list":["post-260386","post","type-post","status-publish","format-standard","has-post-thumbnail","hentry","category-coaching","category-life-coaching","tag-coaching","tag-szemelyes-fejlodes"],"_links":{"self":[{"href":"https:\/\/coachlab.hu\/en\/wp-json\/wp\/v2\/posts\/260386","targetHints":{"allow":["GET"]}}],"collection":[{"href":"https:\/\/coachlab.hu\/en\/wp-json\/wp\/v2\/posts"}],"about":[{"href":"https:\/\/coachlab.hu\/en\/wp-json\/wp\/v2\/types\/post"}],"author":[{"embeddable":true,"href":"https:\/\/coachlab.hu\/en\/wp-json\/wp\/v2\/users\/526"}],"replies":[{"embeddable":true,"href":"https:\/\/coachlab.hu\/en\/wp-json\/wp\/v2\/comments?post=260386"}],"version-history":[{"count":3,"href":"https:\/\/coachlab.hu\/en\/wp-json\/wp\/v2\/posts\/260386\/revisions"}],"predecessor-version":[{"id":260391,"href":"https:\/\/coachlab.hu\/en\/wp-json\/wp\/v2\/posts\/260386\/revisions\/260391"}],"wp:featuredmedia":[{"embeddable":true,"href":"https:\/\/coachlab.hu\/en\/wp-json\/wp\/v2\/media\/260388"}],"wp:attachment":[{"href":"https:\/\/coachlab.hu\/en\/wp-json\/wp\/v2\/media?parent=260386"}],"wp:term":[{"taxonomy":"category","embeddable":true,"href":"https:\/\/coachlab.hu\/en\/wp-json\/wp\/v2\/categories?post=260386"},{"taxonomy":"post_tag","embeddable":true,"href":"https:\/\/coachlab.hu\/en\/wp-json\/wp\/v2\/tags?post=260386"}],"curies":[{"name":"wp","href":"https:\/\/api.w.org\/{rel}","templated":true}]}}