{"id":15768579,"date":"2026-04-10T14:18:46","date_gmt":"2026-04-10T12:18:46","guid":{"rendered":"https:\/\/coachlab.hu\/?p=15768579"},"modified":"2026-04-10T19:14:45","modified_gmt":"2026-04-10T17:14:45","slug":"kulcsember-megtartas-vagy-kultura-vezetoi-dilemma","status":"publish","type":"post","link":"https:\/\/coachlab.hu\/en\/blog\/kulcsember-megtartas-vagy-kultura-vezetoi-dilemma\/","title":{"rendered":"Kulcsember megtart\u00e1s vagy kult\u00fara &#8211; a vezet\u0151 legnagyobb dilemm\u00e1ja"},"content":{"rendered":"<h2 class=\"wp-block-heading\"><a href=\"https:\/\/coachlab.hu\/en\/blog\/kulcsember-megtartas-vagy-kultura-vezetoi-dilemma\/\">Kulcsember megtart\u00e1s vagy csapatkult\u00fara &#8211; a vezet\u0151 legnagyobb szem\u00e9ly\u00fcgyi dilemm\u00e1ja<\/a><\/h2>\n\n\n\n<p class=\"has-text-align-left\">Becs\u00fclt o<em>lvas\u00e1si id\u0151: 7-11 perc<\/em><\/p>\n\n\n\n<div style=\"height:50px\" aria-hidden=\"true\" class=\"wp-block-spacer\"><\/div>\n\n\n\n<p>Cs. Zsolt h\u00e1romszor annyit hozott, mint a csapat b\u00e1rmely m\u00e1s tagja.<\/p>\n\n\n\n<p>A sz\u00e1mok vitathatatlanok voltak. Az \u00fcgyfelek rajongtak \u00e9rte. A tulajdonosok b\u00fcszk\u00e9k voltak r\u00e1. A vez\u00e9rigazgat\u00f3, D. \u00c9va, pontosan tudta, hogy n\u00e9lk\u00fcle az \u00e9ves terv megval\u00f3s\u00edthatatlan.<\/p>\n\n\n\n<p>Azt is tudta, hogy Zsolt minden m\u00e1sodik h\u00e9ten megb\u00e1ntott vagy megal\u00e1zott valakit egy meetingen. Azzal is j\u00f3 ideje tiszt\u00e1ban volt, hogy a csapat legjobb emberei sorra jelzik: &#8222;vagy \u0151, vagy \u00e9n.&#8221; Hogy az \u00faj bel\u00e9p\u0151k f\u00e9l \u00e9v alatt elvesz\u00edtik a motiv\u00e1ci\u00f3jukat &#8211; nem a munka, hanem Zsolt miatt. Hogy a hangulat az irod\u00e1ban akkor a legjobb, ha Zsolt \u00e9ppen \u00fczleti \u00faton van.<\/p>\n\n\n\n<p>\u00c9va \u00f6t h\u00f3napig halogatta a d\u00f6nt\u00e9st. K\u00f6zben k\u00e9t kulcsember felmondott. Persze Zsolt nem volt a felmond\u00f3k k\u00f6z\u00f6tt, hanem azok voltak, akiket \u00c9va a legjobban szeretett volna megtartani.<\/p>\n\n\n\n<p>Ez az a dilemma, amir\u0151l kev\u00e9s vezet\u0151 besz\u00e9l ny\u00edltan \u2013 mert nincs r\u00e1 egyszer\u0171 v\u00e1lasz. Ha kicsit provokat\u00edvak akarunk lenni, akkor az\u00e9rt azt mondan\u00e1nk, hogy \u0151szinte v\u00e1lasz igenis van r\u00e1, csak kevesen (merik) megl\u00e9pni.<\/p>\n\n\n\n<hr class=\"wp-block-separator has-alpha-channel-opacity\"\/>\n\n\n\n<figure class=\"wp-block-image aligncenter size-full\"><img decoding=\"async\" width=\"1504\" height=\"1004\" src=\"https:\/\/coachlab.hu\/wp-content\/uploads\/Kulcsember-megtartas-vagy-kultura-a-vezeto-legnagyobb-dilemmaja.webp\" alt=\"Kulcsember megtart\u00e1s vagy kult\u00fara - a vezet\u0151 legnagyobb dilemm\u00e1ja Vezet\u0151 kulcsember megtart\u00e1s dilemm\u00e1ja el\u0151tt \u2013 CoachLab executive coaching Budapest \" class=\"wp-image-15768580\" srcset=\"https:\/\/coachlab.hu\/wp-content\/uploads\/Kulcsember-megtartas-vagy-kultura-a-vezeto-legnagyobb-dilemmaja.webp 1504w, https:\/\/coachlab.hu\/wp-content\/uploads\/Kulcsember-megtartas-vagy-kultura-a-vezeto-legnagyobb-dilemmaja-1280x854.webp 1280w, https:\/\/coachlab.hu\/wp-content\/uploads\/Kulcsember-megtartas-vagy-kultura-a-vezeto-legnagyobb-dilemmaja-980x654.webp 980w, https:\/\/coachlab.hu\/wp-content\/uploads\/Kulcsember-megtartas-vagy-kultura-a-vezeto-legnagyobb-dilemmaja-480x320.webp 480w\" sizes=\"(min-width: 0px) and (max-width: 480px) 480px, (min-width: 481px) and (max-width: 980px) 980px, (min-width: 981px) and (max-width: 1280px) 1280px, (min-width: 1281px) 1504px, 100vw\" \/><figcaption class=\"wp-element-caption\">Kulcsember megtart\u00e1s vagy kult\u00fara &#8211; a vezet\u0151 legnagyobb dilemm\u00e1ja | Vezet\u0151 kulcsember megtart\u00e1s dilemm\u00e1ja el\u0151tt \u2013 CoachLab executive coaching Budapest<\/figcaption><\/figure>\n\n\n\n<hr class=\"wp-block-separator has-alpha-channel-opacity\"\/>\n\n\n\n<h2 class=\"wp-block-heading\">Mi\u00e9rt neh\u00e9z k\u00e9rd\u00e9s a kulcsember megtart\u00e1s k\u00e9rd\u00e9se<\/h2>\n\n\n\n<p>A legt\u00f6bb szem\u00e9ly\u00fcgyi d\u00f6nt\u00e9s valahogy megold\u00f3dik mag\u00e1t\u00f3l; az id\u0151, a k\u00f6r\u00fclm\u00e9nyek, a folyamatok seg\u00edtenek. A <strong>kulcsember megtart\u00e1s<\/strong> dilemm\u00e1ja azonban nem old\u00f3dik meg mag\u00e1t\u00f3l. S\u0151t, min\u00e9l tov\u00e1bb v\u00e1rsz, ann\u00e1l t\u00f6bb k\u00e1rt okozhatsz \u00e9s ann\u00e1l dr\u00e1g\u00e1bb lesz &#8211; ak\u00e1rhogy d\u00f6ntesz.<\/p>\n\n\n\n<p><strong>Patrick Lencioni, a csapatdinamika egyik legismertebb kutat\u00f3ja \u00e9s szerz\u0151je<\/strong> azt mondja: <strong>egyetlen <em>toxikus csapattag<\/em> k\u00e9pes megsemmis\u00edteni azt, amit \u00e9vek alatt \u00e9p\u00edtett\u00e9l fel.<\/strong> Nem minidig sz\u00e1nd\u00e9kosan (de mindig), nem felt\u00e9tlen\u00fcl rosszakaratb\u00f3l (de igen, rosszakaratb\u00f3l) \u2013 ak\u00e1rhogy is, az a &#8222;kult\u00fara&#8221;, amit k\u00e9pvisel, fel\u00fcl\u00edrja a szab\u00e1lyokat, a kommunik\u00e1ci\u00f3t \u00e9s a norm\u00e1kat. Tal\u00e1n a legnehezebb az, ha ez a toxikus szem\u00e9ly nem csak kulcsember, hanem kulcspoz\u00edci\u00f3ban p\u00e9ld\u00e1ul vezet\u0151i poz\u00edci\u00f3ban is van. (ekkor k\u00e9pes igaz\u00e1n kifejteni toxikus hat\u00e1s\u00e1t, k\u00f6zvetlen\u00fcl a csapat\u00e1ra majd a teljes c\u00e9gre is. Ak\u00e1rhol is helyezkedik el, helyezkednek el, ezek a toxikus csapattagok, <strong>ha megt\u0171r\u00f6d, azzal \u00fczenetet k\u00fcldesz az eg\u00e9sz szervezetnek: ez az, ami itt elfogadhat\u00f3<\/strong> (\u00e9s m\u00e9g jutalmazzuk is&#8230;).<\/p>\n\n\n\n<p>Ez a felismer\u00e9s a legt\u00f6bb vezet\u0151 sz\u00e1m\u00e1ra rendk\u00edv\u00fcl k\u00e9nyelmetlen. K\u00fcl\u00f6n\u00f6sen akkor, ha az illet\u0151 val\u00f3ban kimagasl\u00f3 teljes\u00edtm\u00e9nyt ny\u00fajt, hiszen ekkor hajlamosak vagyunk a m\u00e9rleg m\u00e1sik serpeny\u0151j\u00e9be belehelyezni azt a kimagasl\u00f3 teljes\u00edtm\u00e9nyt is.<\/p>\n\n\n\n<hr class=\"wp-block-separator has-alpha-channel-opacity\"\/>\n\n\n\n<h2 class=\"wp-block-heading\">A kulcsember megtart\u00e1s k\u00e9t arca<\/h2>\n\n\n\n<p>Amikor kulcsember megtart\u00e1sr\u00f3l besz\u00e9l\u00fcnk, \u00e1ltal\u00e1ban k\u00e9t nagyon k\u00fcl\u00f6nb\u00f6z\u0151 helyzet rejt\u0151zik a fogalom m\u00f6g\u00f6tt. \u00c9rdemes ezt a kett\u0151t \u00e9lesen sz\u00e9tv\u00e1lasztani \u2013 mert a megk\u00f6zel\u00edt\u00e9s\u00fck teljesen m\u00e1s.<\/p>\n\n\n\n<p><strong>1. A val\u00f3di kulcsember &#8211; akit meg kell tartani<\/strong><\/p>\n\n\n\n<p>\u0150 az, aki nem csak a sz\u00e1mokat hozza, hanem seg\u00edti emeli a maga k\u00f6r\u00fcl l\u00e9v\u0151ket is. Tan\u00edt, inspir\u00e1l, bevon, motiv\u00e1l \u00e9s p\u00e9ld\u00e1t mutat, j\u00f3 p\u00e9ld\u00e1t. Akkor is a csapat \u00e9rdekeit n\u00e9zi, ha szem\u00e9lyesen neh\u00e9z napja van. A kulcsember megtart\u00e1s ebben az esetben egy\u00e9rtelm\u0171en befektet\u00e9s: energia, figyelem, fejleszt\u00e9s, elismer\u00e9s.<\/p>\n\n\n\n<p><strong>2. A toxikus high performer \u2013 a val\u00f3di dilemma<\/strong><\/p>\n\n\n\n<p>\u0150 az, akire a cikk els\u0151 sztorija \u00e9p\u00fcl. Kimagasl\u00f3 egy\u00e9ni teljes\u00edtm\u00e9ny, demotiv\u00e1l\u00f3, rombol\u00f3 hat\u00e1s a k\u00f6r\u00fcl\u00f6tte l\u00e9v\u0151kre. A kulcsember megtart\u00e1s ebben az esetben nem egyszer\u0171 k\u00e9rd\u00e9s \u2013 mert amit megtartasz, azzal nemcsak egy embert tartasz meg, hanem egy m\u0171k\u00f6d\u00e9si m\u00f3dot, egy kult\u00far\u00e1t, egy norm\u00e1t is.<\/p>\n\n\n\n<p>A k\u00e9t eset <strong>l\u00e1tsz\u00f3lag<\/strong> hasonl\u00f3, mert mindkett\u0151n\u00e9l &#8222;fontos emberr\u0151l&#8221; van sz\u00f3. Val\u00f3j\u00e1ban gy\u00f6keresen m\u00e1s d\u00f6nt\u00e9st ig\u00e9nyelnek.<\/p>\n\n\n\n<hr class=\"wp-block-separator has-alpha-channel-opacity\"\/>\n\n\n\n<h2 class=\"wp-block-heading\">Amit a sz\u00e1mok nem mutatnak meg<\/h2>\n\n\n\n<p>A kulcsember megtart\u00e1s d\u00f6nt\u00e9s\u00e9n\u00e9l <strong>a legt\u00f6bb vezet\u0151 a l\u00e1that\u00f3 adatokb\u00f3l indul ki<\/strong>: bev\u00e9tel, \u00fcgyf\u00e9lkapcsolatok, projektek, eredm\u00e9nyek. Ezek val\u00f3sak \u00e9s fontosak.<\/p>\n\n\n\n<p>Csakhogy ezek a sz\u00e1mok nem tartalmazz\u00e1k:<\/p>\n\n\n\n<ul class=\"wp-block-list\">\n<li><strong>A rejtett fluktu\u00e1ci\u00f3 k\u00f6lts\u00e9g\u00e9t<\/strong>, azoknak az embereknek a cser\u00e9j\u00e9t, akik a toxikus koll\u00e9ga miatt mennek el<\/li>\n\n\n\n<li><strong>A cs\u00f6kkent produktivit\u00e1st<\/strong> &#8211; a csapat teljes\u00edtm\u00e9nyvesztes\u00e9g\u00e9t, amelyet a fesz\u00fclts\u00e9g, a bizonytalans\u00e1g \u00e9s az alacsony \u00e9s egyre csak roml\u00f3 mor\u00e1l okoz<\/li>\n\n\n\n<li><strong>A toborz\u00e1si k\u00f6lts\u00e9get<\/strong> &#8211; egy j\u00f3 ember p\u00f3tl\u00e1sa \u00e1ltal\u00e1ban 6-18 havi b\u00e9rk\u00f6lts\u00e9g\u00e9be ker\u00fcl a szervezetnek<\/li>\n\n\n\n<li><strong>A vezet\u0151 saj\u00e1t energi\u00e1j\u00e1t<\/strong> &#8211; azt az id\u0151t \u00e9s kapacit\u00e1st, amit a helyzet kezel\u00e9se, a t\u00fczek olt\u00e1sa \u00e9s a konfliktu\u00adsok menedzsel\u00e9se em\u00e9szt fel<\/li>\n<\/ul>\n\n\n\n<figure class=\"wp-block-pullquote\"><blockquote><p>Egy 2022-es <strong>Gallup-kutat\u00e1s<\/strong> according to <strong>egy toxikus csapattag jelenl\u00e9te<\/strong> \u00e1tlagosan <strong>30-40%-kal cs\u00f6kkenti a k\u00f6zvetlen k\u00f6rnyezet\u00e9ben dolgoz\u00f3k teljes\u00edtm\u00e9ny\u00e9t.<\/strong> Ez az \u00f6sszef\u00fcgg\u00e9s ritk\u00e1n jelenik meg a negyed\u00e9ves riportban \u2013 de a hat\u00e1sa nagyon is val\u00f3di!<\/p><cite><em>(Forr\u00e1s: Gallup \u2013 &#8222;State of the Global Workplace Report&#8221;, 2022)<\/em><\/cite><\/blockquote><\/figure>\n\n\n\n<hr class=\"wp-block-separator has-alpha-channel-opacity\"\/>\n\n\n\n<figure class=\"wp-block-embed is-type-wp-embed is-provider-coachlab-coaching-szolg-ltat-sok-vezet-fejleszt-s-executive-coaching-tan-csad-s-coachlab-hu wp-block-embed-coachlab-coaching-szolg-ltat-sok-vezet-fejleszt-s-executive-coaching-tan-csad-s-coachlab-hu\"><div class=\"wp-block-embed__wrapper\">\n<blockquote class=\"wp-embedded-content\" data-secret=\"tZe6bkQc2p\"><a href=\"https:\/\/coachlab.hu\/en\/blog\/guiding-knowledge-for-success\/\">Leadership self-awareness: the DNA of successful senior management and business effectiveness<\/a><\/blockquote><iframe class=\"wp-embedded-content\" sandbox=\"allow-scripts\" security=\"restricted\" style=\"position: absolute; visibility: hidden;\" title=\"\u201cLeadership Self-Awareness: the DNA of successful senior leadership and business effectiveness\u201d - CoachLab Coaching Services | Leadership Development | Executive Coaching | Consulting | CoachLab.hu\" src=\"https:\/\/coachlab.hu\/blog\/vezetoi-onismeret-utmutato-a-csucsteljesitmenyhez\/embed\/#?secret=fLN8SeCAKG#?secret=tZe6bkQc2p\" data-secret=\"tZe6bkQc2p\" width=\"600\" height=\"338\" frameborder=\"0\" marginwidth=\"0\" marginheight=\"0\" scrolling=\"no\"><\/iframe>\n<\/div><\/figure>\n\n\n\n<h2 class=\"wp-block-heading\">Kim Scott radik\u00e1lis \u0151szintes\u00e9ge \u2013 amit a legt\u00f6bb vezet\u0151 kihagy<\/h2>\n\n\n\n<p><strong>Kim Scott, a &#8222;Radical Candor&#8221; szerz\u0151je<\/strong> \u00e9s egykori Google-vezet\u0151 azt mondja: <strong>a legnagyobb vezet\u0151i hiba nem az, ha valakit elbocs\u00e1tasz. Hanem az, ha t\u00fal sok\u00e1ig tartod meg, t\u00fal sok\u00e1ig v\u00e1rsz a d\u00f6nt\u00e9ssel.<\/strong><\/p>\n\n\n\n<p>Scott megfigyel\u00e9se szerint a vezet\u0151k h\u00e1rom okb\u00f3l halogatj\u00e1k ezt a d\u00f6nt\u00e9st:<\/p>\n\n\n\n<ol class=\"wp-block-list\">\n<li><strong>Empatikusak<\/strong> \u2013 nem akarnak f\u00e1jdalmat okozni, \u00e9s azt hiszik, hogy a v\u00e1rakoz\u00e1ssal v\u00e9denek valakit<\/li>\n\n\n\n<li><strong>F\u00e9lnek a konfliktust\u00f3l<\/strong> \u2013 k\u00fcl\u00f6n\u00f6sen, ha az illet\u0151 er\u0151s szem\u00e9lyis\u00e9g, jogi kock\u00e1zatot jelent, vagy befoly\u00e1sos bels\u0151 h\u00e1l\u00f3zattal rendelkezik<\/li>\n\n\n\n<li><strong>Rem\u00e9nykednek<\/strong> \u2013 &#8222;majd megv\u00e1ltozik&#8221;, &#8222;majd bel\u00e1tja&#8221;, &#8222;majd jobb lesz&#8221;<\/li>\n<\/ol>\n\n\n\n<p>A val\u00f3s\u00e1g azonban az \u2013 \u00e9s ezt CoachLab tapasztalatai alapj\u00e1n is meger\u0151s\u00edthetj\u00fck \u2013, hogy <strong>egy fels\u0151vezet\u0151i szinten toxikuss\u00e1 v\u00e1lt viselked\u00e9sminta \u00f6nmag\u00e1t\u00f3l szinte soha nem v\u00e1ltozik meg.<\/strong> K\u00fcl\u00f6n\u00f6sen nem akkor, ha a rendszer eddig jutalmazta.<\/p>\n\n\n\n<hr class=\"wp-block-separator has-alpha-channel-opacity\"\/>\n\n\n\n<h2 class=\"wp-block-heading\">Hogyan gondolkodj a kulcsember megtart\u00e1s dilemm\u00e1j\u00e1ban<\/h2>\n\n\n\n<p>Ha \u00e9ppen most ilyen a helyzetben vagy, esetleg l\u00e1tod, hogy hasonl\u00f3 alakul, nem egyszer\u0171 receptet adunk \u2013 mert ilyen nincs. Viszont van n\u00e9h\u00e1ny szempont, ami seg\u00edthet tiszt\u00e1bban l\u00e1tni.<\/p>\n\n\n\n<p><strong>1. K\u00fcl\u00f6n\u00edtsd el az egy\u00e9ni teljes\u00edtm\u00e9nyt a szervezeti hat\u00e1st\u00f3l<\/strong><\/p>\n\n\n\n<p>Egyszer\u0171, m\u00e9gis, tal\u00e1n \u00e9ppen ez\u00e9rt gyakran alkalmazzuk: <strong>\u00cdrj fel k\u00e9t oszlopot.<\/strong> Az egyikbe ker\u00fcl, amit az illet\u0151 <strong>szem\u00e9lyesen hoz<\/strong> &#8211; bev\u00e9tel, \u00fcgyf\u00e9l, projekt, tud\u00e1s. A m\u00e1sikba ker\u00fcl, amit a jelenl\u00e9te a <strong>szervezetnek okoz<\/strong> &#8211; elvesz\u00edtett emberek, cs\u00f6kkent mor\u00e1l, elmaradt fejl\u0151d\u00e9s, a te saj\u00e1t energi\u00e1d. \u00c9s a legfontosabb az, hogy <strong>a kulcsember megtart\u00e1s d\u00f6nt\u00e9se<\/strong> nem az els\u0151 oszlopr\u00f3l sz\u00f3l &#8211; hanem <strong>a kett\u0151 egyenleg\u00e9r\u0151l.<\/strong><\/p>\n\n\n\n<p><strong>2. K\u00e9rdezd meg: mit \u00fczen a szervezetnek, ha megtartod?<\/strong><\/p>\n\n\n\n<p>Ez az egyik legnehezebb, de legfontosabb k\u00e9rd\u00e9s. Ha megtartod, a csapat azt tanulja, hogy a kiemelked\u0151 egy\u00e9ni eredm\u00e9ny fel\u00fcl\u00edrja a k\u00f6z\u00f6s norm\u00e1kat. Ez hossz\u00fa t\u00e1von azt a kult\u00far\u00e1t er\u0151s\u00edti, amelyet &#8211; val\u00f3sz\u00edn\u0171leg &#8211; nem szeretn\u00e9l.<\/p>\n\n\n\n<p><strong>3. Adt\u00e1l-e val\u00f3di, egy\u00e9rtelm\u0171 visszajelz\u00e9st?<\/strong><\/p>\n\n\n\n<p>Sok esetben a &#8222;toxikus&#8221; viselked\u00e9s az\u00e9rt marad fenn, mert <strong>senki nem mondta el egy\u00e9rtelm\u0171en \u00e9s k\u00f6vetkezm\u00e9nyekkel, hogy ez nem elfogadhat\u00f3<\/strong>. Kim Scott terminol\u00f3gi\u00e1j\u00e1val: nem <strong>&#8222;radik\u00e1lisan \u0151szinte&#8221; visszajelz\u00e9s<\/strong>t kapott, hanem &#8222;rombol\u00f3 emp\u00e1ti\u00e1t&#8221; &#8211; vagyis mindenki k\u00edm\u00e9lt mindenkit, \u00e9s semmi nem v\u00e1ltozott. Ha ez a helyzet, el\u0151sz\u00f6r ezt kell megtenni, miel\u0151tt d\u00f6ntesz a kulcsember megtart\u00e1s\u00e1r\u00f3l vagy elenged\u00e9s\u00e9r\u0151l.<\/p>\n\n\n\n<p><strong>4. Van-e val\u00f3di fejl\u0151d\u00e9si hajland\u00f3s\u00e1g?<\/strong><\/p>\n\n\n\n<p>Az egyetlen eset, amikor \u00e9rdemes tov\u00e1bb v\u00e1rni akkor \u00e1ll fenn, ha az illet\u0151 val\u00f3ban felismeri a probl\u00e9m\u00e1t, k\u00e9ri a visszajelz\u00e9st, \u00e9s konkr\u00e9t l\u00e9p\u00e9seket tesz. <strong>Nem \u00edg\u00e9r, hanem tesz!<\/strong> Ez ritka, de l\u00e9tezik; ilyenkor a kulcsember megtart\u00e1s befektet\u00e9ssel j\u00e1rhat \u00e9s meg\u00e9rheti a belefektetett id\u0151t, energi\u00e1t, p\u00e9nzt&#8230;<\/p>\n\n\n\n<div class=\"wp-block-buttons is-content-justification-center is-layout-flex wp-container-core-buttons-is-layout-16018d1d wp-block-buttons-is-layout-flex\">\n<div class=\"wp-block-button\"><a class=\"wp-block-button__link wp-element-button\" href=\"#kapcsolat\">Egyeztess\u00fcnk egy r\u00f6vid, k\u00f6telezetts\u00e9gmentes besz\u00e9lget\u00e9sr\u0151l<\/a><\/div>\n<\/div>\n\n\n\n<hr class=\"wp-block-separator has-alpha-channel-opacity\"\/>\n\n\n\n<h2 class=\"wp-block-heading\">Mi t\u00f6rt\u00e9nt \u00c9v\u00e1val \u00e9s Zsolttal<\/h2>\n\n\n\n<p>Visszat\u00e9rve a cikk elej\u00e9n eml\u00edtett t\u00f6rt\u00e9nethez: \u00c9va v\u00e9g\u00fcl d\u00f6nt\u00f6tt. Egy hossz\u00fa, \u0151szinte besz\u00e9lget\u00e9s keret\u00e9ben elmondta Zsoltnak, amit eddig soha nem mondott el egy\u00e9rtelm\u0171en &#8211; konkr\u00e9tan \u00e9s egy\u00e9rtelm\u0171 k\u00f6vetkezm\u00e9nyekkel. <br>Zsolt el\u0151sz\u00f6r v\u00e9dekezett, majd &#8211; meglep\u0151 m\u00f3don &#8211; megt\u00f6rt. Elmondta, hogy \u0151 maga sem volt el\u00e9gedett azzal, ahogyan m\u0171k\u00f6d\u00f6tt; csak sz\u00e1m\u00e1ra egyszer\u0171, megszokott m\u0171k\u00f6d\u00e9s volt \u00e9s senki nem mondta neki addig, hogy ez probl\u00e9ma.<\/p>\n\n\n\n<p>Hat h\u00f3napig tartott a v\u00e1ltoz\u00e1s. Nem lett t\u00f6k\u00e9letes &#8211; de el\u00e9g j\u00f3 lett. A csapat k\u00e9t elvesz\u00edtett tagja nem j\u00f6tt vissza, de a l\u00e9gk\u00f6r megv\u00e1ltozott. \u00c9va ut\u00f3lag azt mondta: &#8222;Ha ezt a besz\u00e9lget\u00e9st egy \u00e9vvel kor\u00e1bban megejtem, sok mindent megsp\u00f3rolunk.&#8221;<\/p>\n\n\n\n<p>Nem mindig ilyen a v\u00e9ge. De ez a t\u00f6rt\u00e9net is mutatja: <strong><em>a kulcsember megtart\u00e1s dilemm\u00e1j\u00e1ban a legdr\u00e1g\u00e1bb \u00fat az, ha semmit sem teszel.<\/em><\/strong><\/p>\n\n\n\n<hr class=\"wp-block-separator has-alpha-channel-opacity\"\/>\n\n\n\n<h2 class=\"wp-block-heading\">Mikor seg\u00edthet ebben egy k\u00fcls\u0151 coaching partner<\/h2>\n\n\n\n<p>A kulcsember megtart\u00e1s k\u00f6r\u00fcli d\u00f6nt\u00e9sek az\u00e9rt is nehezek, mert a vezet\u0151 maga is \u00e9rintett &#8211; \u00e9rzelmileg, politikailag, \u00fczletileg. Neh\u00e9z objekt\u00edvan l\u00e1tni azt, amiben benne vagy, s\u0151t m\u00e1r-m\u00e1r term\u00e9szetes is.<\/p>\n\n\n\n<p><strong>Egy k\u00fcls\u0151 coaching partner pontosan ezt adja: nem \u00e9rintett perspekt\u00edv\u00e1t, struktur\u00e1lt gondolkod\u00e1st<\/strong> <strong>\u00e9s azt a teret, ahol kimondhatod, amit bel\u00fcl tudsz<\/strong> \u2013 de eddig nem merted vagy nem volt kivel.<\/p>\n\n\n\n<p>A C<a href=\"https:\/\/coachlab.hu\/en\/executive-coaching\/\">oachLab Coaching Services executive coaching folyamatainak<\/a> egyik leggyakoribb t\u00e9m\u00e1ja pontosan ez: szem\u00e9ly\u00fcgyi d\u00f6nt\u00e9sek, amelyek l\u00e1tsz\u00f3lag \u00fczleti k\u00e9rd\u00e9sek &#8211; de val\u00f3j\u00e1ban emberi \u00e9s kultur\u00e1lis d\u00f6nt\u00e9sek.<\/p>\n\n\n\n<p>Ha szeretn\u00e9d \u00e1tbesz\u00e9lni vagy megtal\u00e1lni a megold\u00e1sodat a saj\u00e1t helyzetedre vet\u00edtve, keress minket.<\/p>\n\n\n\n<div class=\"wp-block-buttons is-content-justification-center is-layout-flex wp-container-core-buttons-is-layout-16018d1d wp-block-buttons-is-layout-flex\">\n<div class=\"wp-block-button\"><a class=\"wp-block-button__link wp-element-button\" href=\"#kapcsolat\">Contact<\/a><\/div>\n<\/div>\n\n\n\n<hr class=\"wp-block-separator has-alpha-channel-opacity\"\/>\n\n\n\n<h2 class=\"wp-block-heading\">\u00d6sszefoglal\u00e1s \u2013 3 gondolat, amit \u00e9rdemes magaddal vinni<\/h2>\n\n\n\n<ol class=\"wp-block-list\">\n<li>A <strong>kulcsember megtart\u00e1s<\/strong> d\u00f6nt\u00e9se nem az egy\u00e9ni teljes\u00edtm\u00e9nyr\u0151l sz\u00f3l, hanem <strong><em>az egy\u00e9ni teljes\u00edtm\u00e9ny \u00e9s a szervezeti hat\u00e1s egyenleg\u00e9r\u0151l<\/em><\/strong><\/li>\n\n\n\n<li>Ha megtartod a <strong>toxikus high performer<\/strong>t, azzal nemcsak egy embert tartasz meg, hanem egy kult\u00far\u00e1t \u00e9s egy norm\u00e1t is<\/li>\n\n\n\n<li><strong>A legdr\u00e1g\u00e1bb d\u00f6nt\u00e9s a meg nem hozott d\u00f6nt\u00e9s;<\/strong> min\u00e9l tov\u00e1bb v\u00e1rsz, ann\u00e1l t\u00f6bb emberbe \u00e9s energi\u00e1ba ker\u00fcl, ak\u00e1rhogy d\u00f6ntesz v\u00e9g\u00fcl.<\/li>\n<\/ol>\n\n\n\n<hr class=\"wp-block-separator has-alpha-channel-opacity\"\/>\n\n\n\n<p><em>Ez a cikk a d\u00f6nt\u00e9si nyom\u00e1sr\u00f3l sz\u00f3l\u00f3 sorozatunk harmadik r\u00e9sze. Az el\u0151z\u0151 r\u00e9szben <a href=\"https:\/\/coachlab.hu\/en\/blog\/vezetoi-donteshalogatas-tobb-mint-rossz-dontes\/\" type=\"post\" id=\"15768563\">a vezet\u0151i d\u00f6nt\u00e9shalogat\u00e1s<\/a>r\u00f3l \u00edrtunk \u2013 mi\u00e9rt ker\u00fcl t\u00f6bbe egy meg nem hozott d\u00f6nt\u00e9s, mint egy rossz.<\/em><\/p>\n\n\n\n<p><a href=\"https:\/\/coachlab.hu\/en\/blog\/vezetoi-donteshalogatas-tobb-mint-rossz-dontes\/\" target=\"_blank\" rel=\"noreferrer noopener\">Elolvasom az el\u0151z\u0151 r\u00e9szt: A halogat\u00e1s \u00e1ra<\/a><\/p>\n\n\n\n<figure class=\"wp-block-embed is-type-wp-embed is-provider-coachlab-coaching-szolg-ltat-sok-vezet-fejleszt-s-executive-coaching-tan-csad-s-coachlab-hu wp-block-embed-coachlab-coaching-szolg-ltat-sok-vezet-fejleszt-s-executive-coaching-tan-csad-s-coachlab-hu\"><div class=\"wp-block-embed__wrapper\">\n<blockquote class=\"wp-embedded-content\" data-secret=\"KunXTB76po\"><a href=\"https:\/\/coachlab.hu\/en\/blog\/vezetoi-donteshalogatas-tobb-mint-rossz-dontes\/\">Vezet\u0151i d\u00f6nt\u00e9shalogat\u00e1s \u2013 mi\u00e9rt ker\u00fcl t\u00f6bbe, mint egy rossz d\u00f6nt\u00e9s<\/a><\/blockquote><iframe class=\"wp-embedded-content\" sandbox=\"allow-scripts\" security=\"restricted\" style=\"position: absolute; visibility: hidden;\" title=\"&#8220;Vezet\u0151i d\u00f6nt\u00e9shalogat\u00e1s \u2013 mi\u00e9rt ker\u00fcl t\u00f6bbe, mint egy rossz d\u00f6nt\u00e9s&#8221; &#8212; CoachLab Coaching Szolg\u00e1ltat\u00e1sok | Vezet\u0151fejleszt\u00e9s | Executive Coaching | Tan\u00e1csad\u00e1s | CoachLab.hu\" src=\"https:\/\/coachlab.hu\/blog\/vezetoi-donteshalogatas-tobb-mint-rossz-dontes\/embed\/#?secret=8cCHDdFThC#?secret=KunXTB76po\" data-secret=\"KunXTB76po\" width=\"600\" height=\"338\" frameborder=\"0\" marginwidth=\"0\" marginheight=\"0\" scrolling=\"no\"><\/iframe>\n<\/div><\/figure>\n\n\n\n<hr class=\"wp-block-separator has-alpha-channel-opacity\"\/>\n\n\n\n<h2 class=\"wp-block-heading\">Gyakran ism\u00e9telt k\u00e9rd\u00e9sek a kulcsember megtart\u00e1sr\u00f3l<\/h2>\n\n\n\n<div itemscope itemtype=\"https:\/\/schema.org\/FAQPage\"> <div itemscope itemprop=\"mainEntity\" itemtype=\"https:\/\/schema.org\/Question\"> <h3 itemprop=\"name\">Mi a kulcsember megtart\u00e1s legnagyobb kock\u00e1zata?<\/h3> <div itemscope itemprop=\"acceptedAnswer\" itemtype=\"https:\/\/schema.org\/Answer\"> <p itemprop=\"text\">A legnagyobb kock\u00e1zat nem az, ha egy kulcsembert elvesz\u00edtesz &#8211; hanem az, ha egy toxikus high performert megtartasz. Ilyenkor nemcsak egy embert tartasz meg, hanem egy viselked\u00e9smint\u00e1t \u00e9s egy kult\u00far\u00e1t is, amit a szervezet t\u00f6bbi tagja norm\u00e1nak tekint. Ez hossz\u00fa t\u00e1von a legjobb emberek elveszt\u00e9s\u00e9hez vezet.<\/p> <\/div> <\/div> <div itemscope itemprop=\"mainEntity\" itemtype=\"https:\/\/schema.org\/Question\"> <h3 itemprop=\"name\">Hogyan k\u00fcl\u00f6nb\u00f6ztessem meg a val\u00f3di kulcsembert a toxikus high performert\u0151l?<\/h3> <div itemscope itemprop=\"acceptedAnswer\" itemtype=\"https:\/\/schema.org\/Answer\"> <p itemprop=\"text\">A val\u00f3di kulcsember nemcsak a saj\u00e1t sz\u00e1mait hozza, hanem emeli a k\u00f6r\u00fcl\u00f6tte l\u00e9v\u0151ket is. A toxikus high performer kiemelked\u0151 egy\u00e9ni eredm\u00e9nyt hoz, de rombol\u00f3 hat\u00e1ssal van a csapatra, a mor\u00e1lra \u00e9s a kult\u00far\u00e1ra. A k\u00fcl\u00f6nbs\u00e9g legegyszer\u0171bben \u00fagy m\u00e9rhet\u0151: jobb vagy rosszabb a csapat t\u00f6bbi tagj\u00e1nak teljes\u00edtm\u00e9nye \u00e9s k\u00f6z\u00e9rzete az illet\u0151 jelenl\u00e9t\u00e9ben?<\/p> <\/div> <\/div> <div itemscope itemprop=\"mainEntity\" itemtype=\"https:\/\/schema.org\/Question\"> <h3 itemprop=\"name\">Mikor \u00e9rdemes megpr\u00f3b\u00e1lni megv\u00e1ltoztatni a toxikus viselked\u00e9st, \u00e9s mikor kell elengedni?<\/h3> <div itemscope itemprop=\"acceptedAnswer\" itemtype=\"https:\/\/schema.org\/Answer\"> <p itemprop=\"text\">\u00c9rdemes megpr\u00f3b\u00e1lni, ha az illet\u0151 val\u00f3di felismer\u00e9st mutat, k\u00e9ri a visszajelz\u00e9st \u00e9s konkr\u00e9t l\u00e9p\u00e9seket tesz &#8211; nem csak \u00edg\u00e9r. Ha viszont a visszajelz\u00e9s ut\u00e1n sem v\u00e1ltozik semmi, vagy az illet\u0151 nem ismeri fel a probl\u00e9m\u00e1t, a kulcsember megtart\u00e1s dilemm\u00e1j\u00e1ban a tov\u00e1bb v\u00e1r\u00e1s csak dr\u00e1g\u00e1bb\u00e1 teszi a v\u00e9gs\u0151 d\u00f6nt\u00e9st.<\/p> <\/div> <\/div> <div itemscope itemprop=\"mainEntity\" itemtype=\"https:\/\/schema.org\/Question\"> <h3 itemprop=\"name\">Mennyibe ker\u00fcl val\u00f3j\u00e1ban egy kulcsember elveszt\u00e9se?<\/h3> <div itemscope itemprop=\"acceptedAnswer\" itemtype=\"https:\/\/schema.org\/Answer\"> <p itemprop=\"text\">A k\u00f6zvetlen toborz\u00e1si \u00e9s betan\u00edt\u00e1si k\u00f6lts\u00e9gek mellett a rejtett k\u00f6lts\u00e9gek sokszor nagyobbak: a csapat produktivit\u00e1sveszt\u00e9se, az \u00fcgyf\u00e9lkapcsolatok s\u00e9r\u00fcl\u00e9se, a tud\u00e1svesztes\u00e9g \u00e9s a vezet\u0151 energi\u00e1ja, amit a helyzet kezel\u00e9se em\u00e9szt fel. Egy j\u00f3 ember p\u00f3tl\u00e1sa \u00e1ltal\u00e1ban 6-18 havi b\u00e9rk\u00f6lts\u00e9g\u00e9be ker\u00fcl a szervezetnek.<\/p> <\/div> <\/div> <div itemscope itemprop=\"mainEntity\" itemtype=\"https:\/\/schema.org\/Question\"> <h3 itemprop=\"name\">Hogyan seg\u00edthet egy executive coach a kulcsember megtart\u00e1s d\u00f6nt\u00e9s\u00e9ben?<\/h3> <div itemscope itemprop=\"acceptedAnswer\" itemtype=\"https:\/\/schema.org\/Answer\"> <p itemprop=\"text\">Egy k\u00fcls\u0151 coaching partner nem \u00e9rintett &#8211; nem f\u00e9lti a poz\u00edci\u00f3j\u00e1t, nem sz\u0171ri amit mond. Seg\u00edt struktur\u00e1ltan v\u00e9gigvinni a d\u00f6nt\u00e9si folyamatot, felt\u00e1rni a halogat\u00e1s m\u00f6g\u00f6tti val\u00f3di okot, \u00e9s azt a teret adja, ahol kimondhatod, amit bel\u00fcl m\u00e1r tudsz. A CoachLab executive coaching folyamataiban az egyik leggyakoribb t\u00e9ma pontosan ez: szem\u00e9ly\u00fcgyi d\u00f6nt\u00e9sek, amelyek l\u00e1tsz\u00f3lag \u00fczleti k\u00e9rd\u00e9sek &#8211; de val\u00f3j\u00e1ban emberi \u00e9s kultur\u00e1lis d\u00f6nt\u00e9sek.<\/p> <\/div> <\/div> <\/div>\n\n\n\n<hr class=\"wp-block-separator has-alpha-channel-opacity\"\/>\n\n\n\n<p><strong>Szerz\u0151: Rad\u00f3 R\u00f3bert<\/strong> t\u00e1rsalap\u00edt\u00f3, <a href=\"https:\/\/coachlab.hu\/en\/executive-coaching\/\" target=\"_blank\" rel=\"noreferrer noopener\">CoachLab Coaching Services<\/a> \u00b7 25 \u00e9v multinacion\u00e1lis fels\u0151vezet\u0151i tapasztalat \u2013 Oracle, HP, IBM, Dell\/EMC, T-Systems, <a href=\"https:\/\/coachbp.hu\/\" target=\"_blank\" rel=\"noreferrer noopener\">Coach Budapest<\/a>, Deutsche Telekom<\/p>\n\n\n\n<p><strong>Kapcsol\u00f3d\u00f3 cikkek:<\/strong><\/p>\n\n\n\n<ul class=\"wp-block-list\">\n<li><a href=\"https:\/\/coachlab.hu\/en\/blog\/nehez-dontes-vezetokent-amikor-nincs-jo-opcio\/\" target=\"_blank\" rel=\"noreferrer noopener\">Neh\u00e9z d\u00f6nt\u00e9s vezet\u0151k\u00e9nt \u2013 amikor nincs nyer\u0151 v\u00e1laszt\u00e1s<\/a><\/li>\n\n\n\n<li><a href=\"https:\/\/coachlab.hu\/en\/blog\/vezetoi-donteshalogatas-tobb-mint-rossz-dontes\/\" target=\"_blank\" type=\"post\" id=\"15768563\" rel=\"noreferrer noopener\">A halogat\u00e1s \u00e1ra: mi\u00e9rt ker\u00fcl t\u00f6bbe egy meg nem hozott d\u00f6nt\u00e9s, mint egy rossz<\/a><\/li>\n<\/ul>\n\n\n\n<figure class=\"wp-block-embed is-type-wp-embed is-provider-coachlab-coaching-szolg-ltat-sok-vezet-fejleszt-s-executive-coaching-tan-csad-s-coachlab-hu wp-block-embed-coachlab-coaching-szolg-ltat-sok-vezet-fejleszt-s-executive-coaching-tan-csad-s-coachlab-hu\"><div class=\"wp-block-embed__wrapper\">\n<blockquote class=\"wp-embedded-content\" data-secret=\"NhblNcerCb\"><a href=\"https:\/\/coachlab.hu\/en\/blog\/nehez-dontes-vezetokent-amikor-nincs-jo-opcio\/\">Neh\u00e9z d\u00f6nt\u00e9s vezet\u0151k\u00e9nt &#8211; amikor minden opci\u00f3 rossz<\/a><\/blockquote><iframe class=\"wp-embedded-content\" sandbox=\"allow-scripts\" security=\"restricted\" style=\"position: absolute; visibility: hidden;\" title=\"&#8220;Neh\u00e9z d\u00f6nt\u00e9s vezet\u0151k\u00e9nt &#8211; amikor minden opci\u00f3 rossz&#8221; &#8212; CoachLab Coaching Szolg\u00e1ltat\u00e1sok | Vezet\u0151fejleszt\u00e9s | Executive Coaching | Tan\u00e1csad\u00e1s | CoachLab.hu\" src=\"https:\/\/coachlab.hu\/blog\/nehez-dontes-vezetokent-amikor-nincs-jo-opcio\/embed\/#?secret=47E9DbYVg3#?secret=NhblNcerCb\" data-secret=\"NhblNcerCb\" width=\"600\" height=\"338\" frameborder=\"0\" marginwidth=\"0\" marginheight=\"0\" scrolling=\"no\"><\/iframe>\n<\/div><\/figure>\n\n\n\n<figure class=\"wp-block-embed is-type-wp-embed is-provider-coachlab-coaching-szolg-ltat-sok-vezet-fejleszt-s-executive-coaching-tan-csad-s-coachlab-hu wp-block-embed-coachlab-coaching-szolg-ltat-sok-vezet-fejleszt-s-executive-coaching-tan-csad-s-coachlab-hu\"><div class=\"wp-block-embed__wrapper\">\n<blockquote class=\"wp-embedded-content\" data-secret=\"KunXTB76po\"><a href=\"https:\/\/coachlab.hu\/en\/blog\/vezetoi-donteshalogatas-tobb-mint-rossz-dontes\/\">Vezet\u0151i d\u00f6nt\u00e9shalogat\u00e1s \u2013 mi\u00e9rt ker\u00fcl t\u00f6bbe, mint egy rossz d\u00f6nt\u00e9s<\/a><\/blockquote><iframe class=\"wp-embedded-content\" sandbox=\"allow-scripts\" security=\"restricted\" style=\"position: absolute; visibility: hidden;\" title=\"&#8220;Vezet\u0151i d\u00f6nt\u00e9shalogat\u00e1s \u2013 mi\u00e9rt ker\u00fcl t\u00f6bbe, mint egy rossz d\u00f6nt\u00e9s&#8221; &#8212; CoachLab Coaching Szolg\u00e1ltat\u00e1sok | Vezet\u0151fejleszt\u00e9s | Executive Coaching | Tan\u00e1csad\u00e1s | CoachLab.hu\" src=\"https:\/\/coachlab.hu\/blog\/vezetoi-donteshalogatas-tobb-mint-rossz-dontes\/embed\/#?secret=8cCHDdFThC#?secret=KunXTB76po\" data-secret=\"KunXTB76po\" width=\"600\" height=\"338\" frameborder=\"0\" marginwidth=\"0\" marginheight=\"0\" scrolling=\"no\"><\/iframe>\n<\/div><\/figure>\n<span class=\"et_bloom_bottom_trigger\"><\/span>","protected":false},"excerpt":{"rendered":"<p>Kulcsember megtart\u00e1s vagy csapatkult\u00fara? Ha a legjobb embered rombolja a t\u00f6bbieket, ez a cikk seg\u00edt tiszt\u00e1n l\u00e1tni, \u00e9s d\u00f6nteni. \u0150szint\u00e9n, vezet\u0151i szemmel.<\/p>","protected":false},"author":1,"featured_media":15768580,"comment_status":"closed","ping_status":"open","sticky":false,"template":"","format":"standard","meta":{"_et_pb_use_builder":"","_et_pb_old_content":"","_et_gb_content_width":"","footnotes":""},"categories":[93,81],"tags":[556,548,549,550,555,552,553,551,554],"class_list":["post-15768579","post","type-post","status-publish","format-standard","has-post-thumbnail","hentry","category-vezetes","category-executive-coaching","tag-kim-scott","tag-kulcsember","tag-kulcsember-megtartas","tag-kultura","tag-radikalis-oszinteseg","tag-toxikus-csapattag","tag-toxikus-high-performer","tag-toxikus-szemely","tag-valodi-dilemma"],"_links":{"self":[{"href":"https:\/\/coachlab.hu\/en\/wp-json\/wp\/v2\/posts\/15768579","targetHints":{"allow":["GET"]}}],"collection":[{"href":"https:\/\/coachlab.hu\/en\/wp-json\/wp\/v2\/posts"}],"about":[{"href":"https:\/\/coachlab.hu\/en\/wp-json\/wp\/v2\/types\/post"}],"author":[{"embeddable":true,"href":"https:\/\/coachlab.hu\/en\/wp-json\/wp\/v2\/users\/1"}],"replies":[{"embeddable":true,"href":"https:\/\/coachlab.hu\/en\/wp-json\/wp\/v2\/comments?post=15768579"}],"version-history":[{"count":15,"href":"https:\/\/coachlab.hu\/en\/wp-json\/wp\/v2\/posts\/15768579\/revisions"}],"predecessor-version":[{"id":15768628,"href":"https:\/\/coachlab.hu\/en\/wp-json\/wp\/v2\/posts\/15768579\/revisions\/15768628"}],"wp:featuredmedia":[{"embeddable":true,"href":"https:\/\/coachlab.hu\/en\/wp-json\/wp\/v2\/media\/15768580"}],"wp:attachment":[{"href":"https:\/\/coachlab.hu\/en\/wp-json\/wp\/v2\/media?parent=15768579"}],"wp:term":[{"taxonomy":"category","embeddable":true,"href":"https:\/\/coachlab.hu\/en\/wp-json\/wp\/v2\/categories?post=15768579"},{"taxonomy":"post_tag","embeddable":true,"href":"https:\/\/coachlab.hu\/en\/wp-json\/wp\/v2\/tags?post=15768579"}],"curies":[{"name":"wp","href":"https:\/\/api.w.org\/{rel}","templated":true}]}}