{"id":15768551,"date":"2026-04-09T14:12:43","date_gmt":"2026-04-09T12:12:43","guid":{"rendered":"https:\/\/coachlab.hu\/?p=15768551"},"modified":"2026-04-10T19:14:44","modified_gmt":"2026-04-10T17:14:44","slug":"nehez-dontes-vezetokent-amikor-nincs-jo-opcio","status":"publish","type":"post","link":"https:\/\/coachlab.hu\/en\/blog\/nehez-dontes-vezetokent-amikor-nincs-jo-opcio\/","title":{"rendered":"Neh\u00e9z d\u00f6nt\u00e9s vezet\u0151k\u00e9nt &#8211; amikor minden opci\u00f3 rossz"},"content":{"rendered":"<h2 class=\"wp-block-heading\"><a href=\"https:\/\/coachlab.hu\/en\/blog\/nehez-dontes-vezetokent-amikor-nincs-jo-opcio\/\">Neh\u00e9z d\u00f6nt\u00e9s vezet\u0151k\u00e9nt &#8211; amikor minden opci\u00f3 rossz<\/a><\/h2>\n\n\n\n<p>A legt\u00f6bb d\u00f6nt\u00e9si keretrendszer <strong>azt felt\u00e9telezi, hogy van legal\u00e1bb egy j\u00f3 opci\u00f3 <\/strong>(mert a legt\u00f6bb esetben val\u00f3ban \u00edgy is van, de az\u00e9rt akad b\u0151ven, amikor nem ez a helyzet). <strong>Ami van: trade-offok, k\u00f6vetkezm\u00e9nyek \u00e9s az a kellemetlen felismer\u00e9s<\/strong>, hogy b\u00e1rmelyik utat v\u00e1lasztod, <strong>valamit elvesz\u00edtesz.<\/strong><\/p>\n\n\n\n<p><strong>Ha most ilyen helyzetben vagy<\/strong>, (volt\u00e1l vagy leszel :), tudod hogy, <strong>d\u00f6ntened kell, de egyik ir\u00e1ny sem t\u0171nik j\u00f3nak<\/strong> &#8211; ez a cikk neked sz\u00f3l.<\/p>\n\n\n\n<hr class=\"wp-block-separator has-alpha-channel-opacity\"\/>\n\n\n\n<p><em>Olvas\u00e1si id\u0151: 5 &#8211; 7 perc<\/em><\/p>\n\n\n\n<hr class=\"wp-block-separator has-alpha-channel-opacity\"\/>\n\n\n\n<h2 class=\"wp-block-heading\">Mi\u00e9rt m\u00e1s a neh\u00e9z d\u00f6nt\u00e9s vezet\u0151k\u00e9nt, mint b\u00e1rmilyen m\u00e1s d\u00f6nt\u00e9s<\/h2>\n\n\n\n<p>Vezet\u0151i tr\u00e9ningeken, MBA programokon \u00e9s d\u00f6nt\u00e9si keretrendszerekben \u00e1ltal\u00e1ban az a felt\u00e9telez\u00e9s, hogy ha el\u00e9g adatot gy\u0171jtesz, el\u00e9g alaposan elemzed a helyzetet \u00e9s megfelel\u0151 emberekkel besz\u00e9led \u00e1t, el\u0151ker\u00fcl a helyes v\u00e1lasz.<\/p>\n\n\n\n<p><strong>Fels\u0151vezet\u0151i szinten ez a felt\u00e9telez\u00e9s ritk\u00e1n \u00e1llja meg a hely\u00e9t.<\/strong><\/p>\n\n\n\n<p>A val\u00f3s\u00e1g az, hogy a legt\u00f6bb neh\u00e9z d\u00f6nt\u00e9s vezet\u0151k\u00e9nt nem arr\u00f3l sz\u00f3l, hogy megtal\u00e1ld a j\u00f3 opci\u00f3t &#8211; hanem arr\u00f3l, hogy <strong>eld\u00f6ntsd, melyik k\u00f6vetkezm\u00e9nyt vagy hajland\u00f3 v\u00e1llalni<\/strong>. Ez alapvet\u0151en m\u00e1s k\u00e9rd\u00e9s. \u00c9s <strong>m\u00e1s gondolkod\u00e1st ig\u00e9nyel<\/strong>.<\/p>\n\n\n\n<blockquote class=\"wp-block-quote is-layout-flow wp-block-quote-is-layout-flow\">\n<p class=\"has-black-color has-luminous-vivid-amber-background-color has-text-color has-background has-link-color has-medium-font-size wp-elements-39152a1d1706952ac4cd1ab3385fcd2a\">\u201eA probl\u00e9m\u00e1k megold\u00f3dnak. A dilemm\u00e1k nem old\u00f3dnak meg &#8211; csak v\u00e1lasztani lehet k\u00f6z\u00f6tt\u00fck.&#8221;<\/p>\n<\/blockquote>\n\n\n\n<p>Pontosan erre a k\u00fcl\u00f6nbs\u00e9gre nem k\u00e9sz\u00edt fel szinte semmi, sem a k\u00e9pz\u00e9s, sem a tapasztalat, sem a tan\u00e1csad\u00f3k t\u00f6bbs\u00e9ge.<\/p>\n\n\n\n<hr class=\"wp-block-separator has-alpha-channel-opacity\"\/>\n\n\n\n<figure class=\"wp-block-image size-full\"><img decoding=\"async\" width=\"1280\" height=\"559\" src=\"https:\/\/coachlab.hu\/wp-content\/uploads\/Nehez-dontes-vezetokent-amikor-minden-opcio-rossz-change.webp\" alt=\"Neh\u00e9z d\u00f6nt\u00e9s vezet\u0151k\u00e9nt - amikor minden opci\u00f3 rossz - Fels\u0151vezet\u0151 neh\u00e9z d\u00f6nt\u00e9s el\u0151tt | CoachLab executive coaching Budapest\" class=\"wp-image-15768552\" srcset=\"https:\/\/coachlab.hu\/wp-content\/uploads\/Nehez-dontes-vezetokent-amikor-minden-opcio-rossz-change.webp 1280w, https:\/\/coachlab.hu\/wp-content\/uploads\/Nehez-dontes-vezetokent-amikor-minden-opcio-rossz-change-980x428.webp 980w, https:\/\/coachlab.hu\/wp-content\/uploads\/Nehez-dontes-vezetokent-amikor-minden-opcio-rossz-change-480x210.webp 480w\" sizes=\"(min-width: 0px) and (max-width: 480px) 480px, (min-width: 481px) and (max-width: 980px) 980px, (min-width: 981px) 1280px, 100vw\" \/><figcaption class=\"wp-element-caption\">Neh\u00e9z d\u00f6nt\u00e9s vezet\u0151k\u00e9nt &#8211; amikor minden opci\u00f3 rossz &#8211; Fels\u0151vezet\u0151 neh\u00e9z d\u00f6nt\u00e9s el\u0151tt | CoachLab executive coaching Budapest<\/figcaption><\/figure>\n\n\n\n<hr class=\"wp-block-separator has-alpha-channel-opacity\"\/>\n\n\n\n<h2 class=\"wp-block-heading\">H\u00e1romf\u00e9le neh\u00e9z d\u00f6nt\u00e9s &#8211; \u00e9s csak az egyik igazi dilemma<\/h2>\n\n\n\n<p>Vezet\u0151k\u00e9nt nem minden neh\u00e9z d\u00f6nt\u00e9s ugyanolyan okb\u00f3l neh\u00e9z. Miel\u0151tt b\u00e1rmit l\u00e9pn\u00e9l, \u00e9rdemes azonos\u00edtani, melyik t\u00edpussal \u00e1llsz szemben &#8211; mert a h\u00e1rom eg\u00e9szen m\u00e1s megk\u00f6zel\u00edt\u00e9st ig\u00e9nyel. (Biztosan van t\u00f6bb is, de tapasztalatunk alapj\u00e1n ezek a gyakoribbak)<\/p>\n\n\n\n<p><strong>1. Komplex d\u00f6nt\u00e9s<\/strong><\/p>\n\n\n\n<p>Sok v\u00e1ltoz\u00f3, sok \u00e9rintett, sok bizonytalans\u00e1g. De van j\u00f3 ir\u00e1ny &#8212; csak neh\u00e9z megtal\u00e1lni. Erre val\u00f3 az elemz\u00e9s, a mentor,  a tan\u00e1csad\u00f3, az adatgy\u0171jt\u00e9s, az AI bevon\u00e1sa. A neh\u00e9zs\u00e9g itt az inform\u00e1ci\u00f3ban \u00e9s az \u00f6sszef\u00fcgg\u00e9sek felt\u00e1r\u00e1s\u00e1ban rejlik, nem mag\u00e1ban a v\u00e1laszt\u00e1sban.<\/p>\n\n\n\n<p><strong>2. Politikailag \u00e9rz\u00e9keny d\u00f6nt\u00e9s<\/strong><\/p>\n\n\n\n<p>Tudod mi a helyes ir\u00e1ny, de az \u00e9rintettek \u00e9rdekei keresztezik egym\u00e1st. A neh\u00e9z d\u00f6nt\u00e9s ilyenkor nem az, hogy mi a j\u00f3 &#8211; hanem hogy hogyan hozod meg an\u00e9lk\u00fcl, hogy elvesz\u00edted a sz\u00fcks\u00e9ges t\u00e1mogat\u00e1st. Ez stakeholder-kezel\u00e9si k\u00e9rd\u00e9s, nem elemz\u00e9si.<\/p>\n\n\n\n<p><strong>3. Val\u00f3di dilemma<\/strong><\/p>\n\n\n\n<p>Nincs j\u00f3 opci\u00f3. Minden \u00fat valamilyen vesztes\u00e9ggel j\u00e1r. A neh\u00e9z d\u00f6nt\u00e9s vezet\u0151k\u00e9nt itt a legtiszt\u00e1bb form\u00e1j\u00e1ban jelenik meg: nem azt kell megtal\u00e1lni, ami j\u00f3 &#8211; hanem el kell d\u00f6nteni, melyik vesztes\u00e9get vagy k\u00e9pes v\u00e1llalni \u00e9s kezelni.<\/p>\n\n\n\n<p>A legt\u00f6bb fels\u0151vezet\u0151 az els\u0151 kett\u0151re van felk\u00e9sz\u00edtve, vagy ezekben van m\u00e9g csak legink\u00e1bb saj\u00e1t tapasztalata. A harmadikra szinte senki sincs &#8211; mert az nem tan\u00edthat\u00f3 keretrendszerrel. Az csak \u00e1t\u00e9lhet\u0151.<\/p>\n\n\n\n<hr class=\"wp-block-separator has-alpha-channel-opacity\"\/>\n\n\n\n<h2 class=\"wp-block-heading\">Hogyan ismered fel, hogy val\u00f3di dilemm\u00e1ban vagy<\/h2>\n\n\n\n<p>Mert fontos, hogy felismerd! Az egyik legnagyobb csapda, amibe fels\u0151vezet\u0151k esnek: komplex d\u00f6nt\u00e9sk\u00e9nt kezelnek egy val\u00f3di dilemm\u00e1t. T\u00f6bb adatot gy\u0171jtenek, t\u00f6bb embert k\u00e9rdeznek meg, t\u00f6bb id\u0151t t\u00f6ltenek az elemz\u00e9ssel, mik\u00f6zben a d\u00f6nt\u00e9s t\u00edpusa miatt ez nem visz k\u00f6zelebb a megold\u00e1shoz.<\/p>\n\n\n\n<h3 class=\"wp-block-heading\"><strong>H\u00e1rom jel, hogy vezet\u0151k\u00e9nt val\u00f3di dilemm\u00e1val \u00e1llsz szemben:<\/strong><\/h3>\n\n\n\n<p><strong>1. T\u00f6bb adat sem seg\u00edt<\/strong><\/p>\n\n\n\n<p>Folyamatosan halasztod a d\u00f6nt\u00e9st, mert &#8222;m\u00e9g nem \u00e1ll \u00f6ssze a k\u00e9p&#8221;. De val\u00f3j\u00e1ban az adatok m\u00e1r megvannak, csak egyik opci\u00f3 sem lesz t\u0151l\u00fck jobb. <em><strong>Az elemz\u00e9s ebben az esetben a d\u00f6nt\u00e9s elker\u00fcl\u00e9s\u00e9nek eszk\u00f6ze<\/strong><\/em>, nem az el\u0151k\u00e9sz\u00edt\u00e9s\u00e9.<\/p>\n\n\n\n<p><strong>2. Mindenki m\u00e1st mond, \u00e9s mindnek igaza van<\/strong><\/p>\n\n\n\n<p>A tan\u00e1csad\u00f3id, a bizalmasaid, a boardod &#8211; mindenki m\u00e1s ir\u00e1nyt javasol, \u00e9s az \u00e9rvek mind logikusak. Ez nem az\u00e9rt van, mert valaki t\u00e9ved, s\u0151t, tal\u00e1n val\u00f3ban nem t\u00e9ved senki, hanem ink\u00e1bb az\u00e9rt van, mert k\u00fcl\u00f6nb\u00f6z\u0151 \u00e9rt\u00e9keket \u00e9s priorit\u00e1sokat k\u00e9pviselnek. A neh\u00e9z d\u00f6nt\u00e9s ilyenkor val\u00f3j\u00e1ban \u00e9rt\u00e9kv\u00e1laszt\u00e1s, nem elemz\u00e9si k\u00e9rd\u00e9s.<\/p>\n\n\n\n<p><strong>3. B\u00e1rmelyik utat v\u00e1lasztod, valakit elvesz\u00edtesz<\/strong><\/p>\n\n\n\n<p>Kulcsembert, vagy \u00fcgyfelet, vagy befektet\u0151t, vagy \u00e9ppen bizalmat. <em><strong>Ez az egyik legegy\u00e9rtelm\u0171bb jele annak, hogy neh\u00e9z d\u00f6nt\u00e9s el\u0151tt \u00e1llsz vezet\u0151k\u00e9nt, igazi dilemma form\u00e1j\u00e1ban.<\/strong><\/em> A k\u00e9rd\u00e9s csak az: kit \u00e9s\/vagy mit tudsz a legink\u00e1bb kezelni ut\u00e1na.<\/p>\n\n\n\n<hr class=\"wp-block-separator has-alpha-channel-opacity\"\/>\n\n\n\n<h2 class=\"wp-block-heading\">Hogyan hozz neh\u00e9z d\u00f6nt\u00e9st vezet\u0151k\u00e9nt &#8211; h\u00e1rom gyakorlati l\u00e9p\u00e9s<\/h2>\n\n\n\n<p>A tapasztalat azt mutatja, hogy azok a fels\u0151vezet\u0151k kezelik a legjobban a val\u00f3di dilemm\u00e1kat, akik nem a &#8222;j\u00f3 d\u00f6nt\u00e9st&#8221; keresik, hanem a &#8222;<strong>v\u00e1llalhat\u00f3 k\u00f6vetkezm\u00e9nyt<\/strong>&#8222;. Ez egy szeml\u00e9letv\u00e1lt\u00e1s, \u00e9s ennek h\u00e1rom konkr\u00e9t eleme van.<\/p>\n\n\n\n<p><strong>A) K\u00f6vetkezm\u00e9ny-t\u00e9rk\u00e9p, nem opci\u00f3-lista<\/strong><\/p>\n\n\n\n<p>Ahelyett hogy az opci\u00f3kat hasonl\u00edtod \u00f6ssze egym\u00e1ssal, a k\u00f6vetkezm\u00e9nyeket t\u00e9rk\u00e9pezd fel minden ir\u00e1nyb\u00f3l. <\/p>\n\n\n\n<ul class=\"wp-block-list\">\n<li><strong>Mit jelent ez 3, 6 h\u00f3nap m\u00falva? 2 \u00e9v m\u00falva?<\/strong> <\/li>\n\n\n\n<li><strong>Kit \u00e9rint most vagy k\u00e9s\u0151bb, ki az aki igaz\u00e1n \u00e9rintett benne \u00e9s hogyan? <\/strong><\/li>\n\n\n\n<li><strong>Milyen m\u00e1sodik \u00e9s harmadik szint\u0171 hat\u00e1sok v\u00e1rhat\u00f3k szervezeti, emberi \u00e9s \u00fczleti szempontb\u00f3l egyar\u00e1nt?<\/strong><\/li>\n<\/ul>\n\n\n\n<p>Ez nem anal\u00edzis-paral\u00edzis. Ez a neh\u00e9z d\u00f6nt\u00e9s val\u00f3di s\u00faly\u00e1nak tudatos felm\u00e9r\u00e9se, hogy ne ut\u00f3lag \u00e9rjen meglepet\u00e9sk\u00e9nt, az amit v\u00e1llalt\u00e1l!<\/p>\n\n\n\n<p><strong>B) Az \u00e9rt\u00e9kek explicit kimond\u00e1sa<\/strong><\/p>\n\n\n\n<p>Ha a neh\u00e9z d\u00f6nt\u00e9s l\u00e9nyege az, hogy mit tartasz fontosabbnak &#8211; r\u00f6vid t\u00e1v\u00fa eredm\u00e9nyt vagy hossz\u00fa t\u00e1v\u00fa kult\u00far\u00e1t, lojalit\u00e1st vagy teljes\u00edtm\u00e9nyt, stabilit\u00e1st vagy n\u00f6veked\u00e9st&#8230; &#8211; akkor azt ki kell mondani. Magadnak el\u0151sz\u00f6r, majd a d\u00f6nt\u00e9sben \u00e9rintetteknek.<\/p>\n\n\n\n<p>Nagyon sok fels\u0151vezet\u0151 megker\u00fcli ezt a l\u00e9p\u00e9st, mert k\u00e9nyelmetlennek \u00e9rzi. Pedig pontosan ez adja a d\u00f6nt\u00e9s bels\u0151 konzisztenci\u00e1j\u00e1t, \u00e9s ez teszi lehet\u0151v\u00e9, hogy ut\u00e1na k\u00f6vetkezetesen k\u00e9pviseld. \u00c9s nem utols\u00f3 sorban ez\u00e9rt (is) vagy te a vezet\u0151, fels\u0151vezet\u0151.<\/p>\n\n\n\n<p><strong>C) A d\u00f6nt\u00e9s teljes v\u00e1llal\u00e1sa<\/strong> &#8211; az igaz\u00e1n neh\u00e9z d\u00f6nt\u00e9s vezet\u0151k\u00e9nt<\/p>\n\n\n\n<p>A neh\u00e9z d\u00f6nt\u00e9sek<strong> legnagyobb csapd\u00e1ja<\/strong> fels\u0151vezet\u0151i szinten <strong>a f\u00e9l-d\u00f6nt\u00e9s<\/strong>: meghozod az ir\u00e1nyt, de nem \u00e1llsz m\u00f6g\u00e9 teljes meggy\u0151z\u0151d\u00e9ssel. Hagysz kiskapukat, bizonytalans\u00e1got sug\u00e1rozol, vagy fenntartod a visszavonul\u00e1s lehet\u0151s\u00e9g\u00e9t.<\/p>\n\n\n\n<p><strong>Ez a legrosszabb kimenet,<\/strong> mert a vesztes\u00e9geket &#8222;megkapod&#8221;, a d\u00f6nt\u00e9s erej\u00e9t \u00e9s hiteless\u00e9g\u00e9t viszont nem. Ha neh\u00e9z d\u00f6nt\u00e9st hozt\u00e1l vezet\u0151k\u00e9nt, azt teljesen kell v\u00e1llalni. Nem v\u00e9letlen\u00fcl! Azonban tapasztalt \u00e9s ezt az utat sokszor bej\u00e1rt fels\u0151vezet\u0151k\u00e9nt, tudom, milyen neh\u00e9z ez&#8230;<\/p>\n\n\n\n<blockquote class=\"wp-block-quote is-layout-flow wp-block-quote-is-layout-flow\">\n<p class=\"has-vivid-purple-color has-luminous-vivid-amber-background-color has-text-color has-background has-link-color has-medium-font-size wp-elements-556e1605c8dd44dafa09ea96b3c1190a\"><strong>\u201eNem az a j\u00f3 d\u00f6nt\u00e9s, aminek a legjobb az eredm\u00e9nye. Az a j\u00f3 d\u00f6nt\u00e9s, amelyet a legjobban tudsz v\u00e1llalni, \u00e9s amelynek k\u00f6vetkezm\u00e9nyeit k\u00e9pes vagy kezelni.&#8221;<\/strong><\/p>\n<\/blockquote>\n\n\n\n<hr class=\"wp-block-separator has-alpha-channel-opacity\"\/>\n\n\n\n<h2 class=\"wp-block-heading\">Amit nem ker\u00fclhet\u0151 meg<\/h2>\n\n\n\n<p><strong>A val\u00f3di neh\u00e9z d\u00f6nt\u00e9sek f\u00e1jnak.<\/strong> Tudom, nem kicsit f\u00e1jnak! <br>Ez nem gyenges\u00e9g jele, (m\u00e9g ha n\u00e9ha annak is \u00e9rezz\u00fck) hanem annak jele, hogy <strong>a d\u00f6nt\u00e9s t\u00e9tje val\u00f3di.<\/strong> Azok a vezet\u0151k, akik ezt nem \u00e9rzik, \u00e1ltal\u00e1ban nem \u00e9rtik teljesen a helyzet s\u00faly\u00e1t. (kicsit provokat\u00edv, de \u0151ket csak a boldog vezet\u0151knek szoktuk, &#8211; na j\u00f3 felv\u00e1llalom &#8211; \u00e9n szoktam nevezni.)<\/p>\n\n\n\n<p><strong>A k\u00e9rd\u00e9s \u00e9s a dolog l\u00e9nyege nem az, hogyan ker\u00fcld el ezt az \u00e9rz\u00e9st.<\/strong> A k\u00e9rd\u00e9s az: <\/p>\n\n\n\n<p class=\"has-medium-font-size\"><strong><em>hogyan hozz neh\u00e9z d\u00f6nt\u00e9st vezet\u0151k\u00e9nt ennek ellen\u00e9re vil\u00e1gosan, felel\u0151ss\u00e9ggel, \u00e9s a k\u00f6vetkezm\u00e9nyeket teljes tudatoss\u00e1ggal v\u00e1llalva.<\/em><\/strong><\/p>\n\n\n\n<p>Ehhez n\u00e9ha <strong>kell egy k\u00fcls\u0151 perspekt\u00edva. Valaki, aki nem \u00e9rintett, nem f\u00e9lti a poz\u00edci\u00f3j\u00e1t, \u00e9s nem sz\u0171ri amit mond.<\/strong> Aki seg\u00edt v\u00e9gigvinni a gondolkod\u00e1st, nem helyetted d\u00f6nteni, hanem <strong><em><a href=\"https:\/\/coachbp.hu\/author\/robert-rado\/\" target=\"_blank\" rel=\"noreferrer noopener\">veled gondolkodni.<\/a><\/em><\/strong><\/p>\n\n\n\n<div style=\"height:50px\" aria-hidden=\"true\" class=\"wp-block-spacer\"><\/div>\n\n\n\n<figure class=\"wp-block-embed is-type-wp-embed is-provider-coachlab-coaching-szolg-ltat-sok-vezet-fejleszt-s-executive-coaching-tan-csad-s-coachlab-hu wp-block-embed-coachlab-coaching-szolg-ltat-sok-vezet-fejleszt-s-executive-coaching-tan-csad-s-coachlab-hu\"><div class=\"wp-block-embed__wrapper\">\n<blockquote class=\"wp-embedded-content\" data-secret=\"GgjJUoB6NF\"><a href=\"https:\/\/coachlab.hu\/en\/blog\/vezetoi-donteshalogatas-tobb-mint-rossz-dontes\/\">Vezet\u0151i d\u00f6nt\u00e9shalogat\u00e1s \u2013 mi\u00e9rt ker\u00fcl t\u00f6bbe, mint egy rossz d\u00f6nt\u00e9s<\/a><\/blockquote><iframe class=\"wp-embedded-content\" sandbox=\"allow-scripts\" security=\"restricted\" style=\"position: absolute; visibility: hidden;\" title=\"&#8220;Vezet\u0151i d\u00f6nt\u00e9shalogat\u00e1s \u2013 mi\u00e9rt ker\u00fcl t\u00f6bbe, mint egy rossz d\u00f6nt\u00e9s&#8221; &#8212; CoachLab Coaching Szolg\u00e1ltat\u00e1sok | Vezet\u0151fejleszt\u00e9s | Executive Coaching | Tan\u00e1csad\u00e1s | CoachLab.hu\" src=\"https:\/\/coachlab.hu\/blog\/vezetoi-donteshalogatas-tobb-mint-rossz-dontes\/embed\/#?secret=ukQFy8mIKZ#?secret=GgjJUoB6NF\" data-secret=\"GgjJUoB6NF\" width=\"600\" height=\"338\" frameborder=\"0\" marginwidth=\"0\" marginheight=\"0\" scrolling=\"no\"><\/iframe>\n<\/div><\/figure>\n\n\n\n<hr class=\"wp-block-separator has-alpha-channel-opacity\"\/>\n\n\n\n<figure class=\"wp-block-embed is-type-wp-embed is-provider-coachlab-coaching-szolg-ltat-sok-vezet-fejleszt-s-executive-coaching-tan-csad-s-coachlab-hu wp-block-embed-coachlab-coaching-szolg-ltat-sok-vezet-fejleszt-s-executive-coaching-tan-csad-s-coachlab-hu\"><div class=\"wp-block-embed__wrapper\">\n<blockquote class=\"wp-embedded-content\" data-secret=\"WbkplFYCjW\"><a href=\"https:\/\/coachlab.hu\/en\/blog\/kulcsember-megtartas-vagy-kultura-vezetoi-dilemma\/\">Kulcsember megtart\u00e1s vagy kult\u00fara &#8211; a vezet\u0151 legnagyobb dilemm\u00e1ja<\/a><\/blockquote><iframe class=\"wp-embedded-content\" sandbox=\"allow-scripts\" security=\"restricted\" style=\"position: absolute; visibility: hidden;\" title=\"&#8220;Kulcsember megtart\u00e1s vagy kult\u00fara &#8211; a vezet\u0151 legnagyobb dilemm\u00e1ja&#8221; &#8212; CoachLab Coaching Szolg\u00e1ltat\u00e1sok | Vezet\u0151fejleszt\u00e9s | Executive Coaching | Tan\u00e1csad\u00e1s | CoachLab.hu\" src=\"https:\/\/coachlab.hu\/blog\/kulcsember-megtartas-vagy-kultura-vezetoi-dilemma\/embed\/#?secret=WgzpDbscEw#?secret=WbkplFYCjW\" data-secret=\"WbkplFYCjW\" width=\"600\" height=\"338\" frameborder=\"0\" marginwidth=\"0\" marginheight=\"0\" scrolling=\"no\"><\/iframe>\n<\/div><\/figure>\n\n\n\n<hr class=\"wp-block-separator has-alpha-channel-opacity\"\/>\n\n\n\n<div style=\"height:50px\" aria-hidden=\"true\" class=\"wp-block-spacer\"><\/div>\n\n\n\n<h2 class=\"wp-block-heading\">\u00d6sszefoglal\u00e1s &#8211; a neh\u00e9z d\u00f6nt\u00e9s vezet\u0151k\u00e9nt h\u00e1rom l\u00e9p\u00e9sben<\/h2>\n\n\n\n<ol class=\"wp-block-list\">\n<li><strong>Azonos\u00edtsd a d\u00f6nt\u00e9s t\u00edpus\u00e1t &#8211; komplex, politikai vagy val\u00f3di dilemma<\/strong><\/li>\n\n\n\n<li><strong>Ne opci\u00f3kat hasonl\u00edts \u00f6ssze, hanem k\u00f6vetkezm\u00e9nyeket t\u00e9rk\u00e9pezz fel<\/strong><\/li>\n\n\n\n<li><strong>Mondj ki \u00e9rt\u00e9keket, majd v\u00e1llald teljesen a d\u00f6nt\u00e9st &#8211; f\u00e9l-d\u00f6nt\u00e9s nincs<\/strong>!<\/li>\n<\/ol>\n\n\n\n<hr class=\"wp-block-separator has-alpha-channel-opacity\"\/>\n\n\n\n<p><em>Ez a cikk a d\u00f6nt\u00e9si nyom\u00e1sr\u00f3l sz\u00f3l\u00f3 sorozatunk els\u0151 r\u00e9sze. A k\u00f6vetkez\u0151 r\u00e9szben arr\u00f3l \u00edrunk, mi\u00e9rt ker\u00fcl t\u00f6bbe egy meg nem hozott d\u00f6nt\u00e9s, mint egy rossz &#8211; \u00e9s mikor kell l\u00e9pni akkor is, ha m\u00e9g nem \u00e1ll \u00f6ssze a teljes k\u00e9p.<\/em><\/p>\n\n\n\n<hr class=\"wp-block-separator has-alpha-channel-opacity\"\/>\n\n\n\n<p><strong>Author: <a href=\"https:\/\/linkedin.com\/in\/robertrado\/\" target=\"_blank\" rel=\"noreferrer noopener nofollow\">R\u00f3bert Rad\u00f3<\/a><\/strong> Alap\u00edt\u00f3 tag, <a href=\"https:\/\/coachlab.hu\/en\/\">CoachLab<\/a> \u00b7 25 \u00e9v multinacion\u00e1lis leadership board tag \u00e9s  fels\u0151vezet\u0151i tapasztalat &#8211; Oracle, HP, IBM, TD SYNNEX, Dell\/EMC, T-Systems, Deutsche Telekom Group<\/p>\n\n\n\n<p><strong>Kapcsol\u00f3d\u00f3 cikkek:<\/strong><\/p>\n\n\n\n<ul class=\"wp-block-list\">\n<li><a href=\"https:\/\/coachlab.hu\/en\/blog\/vezetoi-donteshalogatas-tobb-mint-rossz-dontes\/\">A halogat\u00e1s \u00e1ra: mi\u00e9rt ker\u00fcl t\u00f6bbe egy meg nem hozott d\u00f6nt\u00e9s, mint egy rossz<\/a><\/li>\n\n\n\n<li><a href=\"https:\/\/coachlab.hu\/en\/blog\/kulcsember-megtartas-vagy-kultura-vezetoi-dilemma\/\">Kulcsember vagy kult\u00fara &#8211; a vezet\u0151 legnagyobb szem\u00e9ly\u00fcgyi dilemm\u00e1ja<\/a><\/li>\n<\/ul>\n<span class=\"et_bloom_bottom_trigger\"><\/span>","protected":false},"excerpt":{"rendered":"<p>Neh\u00e9z d\u00f6nt\u00e9s vezet\u0151k\u00e9nt \u2013 amikor minden opci\u00f3 rossz.<\/p>\n<p>A legt\u00f6bb d\u00f6nt\u00e9si keretrendszer azt felt\u00e9telezi, hogy van legal\u00e1bb egy j\u00f3 v\u00e1laszt\u00e1s. Fels\u0151vezet\u0151i szinten ez ritk\u00e1n igaz, mert:<\/p>\n<p>Van egy d\u00f6nt\u00e9st\u00edpus, amire szinte senkit sem k\u00e9sz\u00edtenek fel.<\/p>\n<p>Nem a komplex d\u00f6nt\u00e9s. Nem a politikailag \u00e9rz\u00e9keny. Hanem amikor t\u00e9nyleg nincs j\u00f3 opci\u00f3 \u2013 csak k\u00fcl\u00f6nb\u00f6z\u0151 vesztes\u00e9gek.<\/p>\n<p>25 \u00e9v multinacion\u00e1lis fels\u0151vezet\u0151i tapasztalatomb\u00f3l azt l\u00e1tom: aki ilyenkor t\u00f6bb adatot gy\u0171jt, az nem d\u00f6nt\u00e9sre k\u00e9sz\u00fcl. Hanem sz\u00e1nd\u00e9kosan elker\u00fcli a d\u00f6nt\u00e9st!<\/p>\n<p>Mit csin\u00e1lnak helyette a legjobb vezet\u0151k? Err\u0151l sz\u00f3l a leg\u00fajabb cikk\u00fcnk.<\/p>\n<p>Te hol tartasz ebben most?<\/p>\n<p>#leadership #fels\u0151vezet\u0151 #d\u00f6nt\u00e9shozatal #coachlab<\/p>","protected":false},"author":1,"featured_media":15768552,"comment_status":"closed","ping_status":"open","sticky":false,"template":"","format":"standard","meta":{"_et_pb_use_builder":"","_et_pb_old_content":"","_et_gb_content_width":"","footnotes":""},"categories":[1],"tags":[],"class_list":["post-15768551","post","type-post","status-publish","format-standard","has-post-thumbnail","hentry","category-coaching"],"_links":{"self":[{"href":"https:\/\/coachlab.hu\/en\/wp-json\/wp\/v2\/posts\/15768551","targetHints":{"allow":["GET"]}}],"collection":[{"href":"https:\/\/coachlab.hu\/en\/wp-json\/wp\/v2\/posts"}],"about":[{"href":"https:\/\/coachlab.hu\/en\/wp-json\/wp\/v2\/types\/post"}],"author":[{"embeddable":true,"href":"https:\/\/coachlab.hu\/en\/wp-json\/wp\/v2\/users\/1"}],"replies":[{"embeddable":true,"href":"https:\/\/coachlab.hu\/en\/wp-json\/wp\/v2\/comments?post=15768551"}],"version-history":[{"count":10,"href":"https:\/\/coachlab.hu\/en\/wp-json\/wp\/v2\/posts\/15768551\/revisions"}],"predecessor-version":[{"id":15768604,"href":"https:\/\/coachlab.hu\/en\/wp-json\/wp\/v2\/posts\/15768551\/revisions\/15768604"}],"wp:featuredmedia":[{"embeddable":true,"href":"https:\/\/coachlab.hu\/en\/wp-json\/wp\/v2\/media\/15768552"}],"wp:attachment":[{"href":"https:\/\/coachlab.hu\/en\/wp-json\/wp\/v2\/media?parent=15768551"}],"wp:term":[{"taxonomy":"category","embeddable":true,"href":"https:\/\/coachlab.hu\/en\/wp-json\/wp\/v2\/categories?post=15768551"},{"taxonomy":"post_tag","embeddable":true,"href":"https:\/\/coachlab.hu\/en\/wp-json\/wp\/v2\/tags?post=15768551"}],"curies":[{"name":"wp","href":"https:\/\/api.w.org\/{rel}","templated":true}]}}