{"id":260868,"date":"2025-09-22T14:32:36","date_gmt":"2025-09-22T12:32:36","guid":{"rendered":"https:\/\/coachlab.hu\/?p=260868"},"modified":"2025-12-30T22:22:04","modified_gmt":"2025-12-30T21:22:04","slug":"z-generacios-vezetes-mindenki-fonok-akar-lenni-5-even-belul","status":"publish","type":"post","link":"https:\/\/coachlab.hu\/de\/blog\/z-genercios-fahrer-alle-wollen-backers-5-sogar-belul-sein\/","title":{"rendered":"Generation Z und F\u00fchrung: Will wirklich jeder in 5 Jahren Chef sein?"},"content":{"rendered":"<h2 class=\"wp-block-heading\"><a href=\"https:\/\/coachlab.hu\/de\/blog\/z-genercios-fahrer-alle-wollen-backers-5-sogar-belul-sein\/\">Generation Z und F\u00fchrung: Will wirklich jeder in 5 Jahren Chef sein?<\/a><\/h2>\n\n\n\n<p>Der Arbeitsmarkt ist im Wandel und die <strong>Generation Z (geboren zwischen 1995-2010)<\/strong> machen einen immer gr\u00f6\u00dferen Anteil der Arbeitskr\u00e4fte aus. W\u00e4hrend in den popul\u00e4ren Medien oft suggeriert wird, dass alle jungen Menschen schnell Manager werden wollen, ist die Realit\u00e4t viel komplexer. Schauen wir uns an, was die neueste Forschung \u00fcber die Karrierew\u00fcnsche und F\u00fchrungsambitionen der Generation Z zeigt.<\/p>\n\n\n\n<h2 class=\"wp-block-heading\">Wer genau ist die Generation Z?<\/h2>\n\n\n\n<p><strong>Im Jahr 2026 wird die Generation Z die Altersgruppe der 15- bis 30-J\u00e4hrigen repr\u00e4sentieren. <\/strong>Dies ist die erste <strong>die Generation der \"Digital Natives<\/strong>die von Geburt an in der Welt der Technologie aufgewachsen sind. Laut einer Analyse von Glassdoor wird diese Generation im Jahr 2024 voraussichtlich die Mehrheit der Vollzeitbesch\u00e4ftigten stellen und die Generation der Babyboomer \u00fcberholen.<\/p>\n\n\n\n<figure class=\"wp-block-image aligncenter size-full\"><img decoding=\"async\" width=\"1280\" height=\"1280\" src=\"https:\/\/CoachLab.hu\/wp-content\/uploads\/Z-Generacios-Vezetes-z-1019703_1280-1.webp\" alt=\"Generation Z und F\u00fchrung: Will wirklich jeder in 5 Jahren Chef sein?\" class=\"wp-image-260869\" srcset=\"https:\/\/CoachLab.hu\/wp-content\/uploads\/Z-Generacios-Vezetes-z-1019703_1280-1.webp 1280w, https:\/\/CoachLab.hu\/wp-content\/uploads\/Z-Generacios-Vezetes-z-1019703_1280-1-980x980.webp 980w, https:\/\/CoachLab.hu\/wp-content\/uploads\/Z-Generacios-Vezetes-z-1019703_1280-1-480x480.webp 480w\" sizes=\"(min-width: 0px) and (max-width: 480px) 480px, (min-width: 481px) and (max-width: 980px) 980px, (min-width: 981px) 1280px, 100vw\" \/><figcaption class=\"wp-element-caption\">Generation Z und F\u00fchrung: Will wirklich jeder in 5 Jahren Chef sein?<\/figcaption><\/figure>\n\n\n\n<h2 class=\"wp-block-heading\">Was zeigt die Forschung \u00fcber die Karriereerwartungen der Generation Z?<\/h2>\n\n\n\n<h3 class=\"wp-block-heading\">Nicht nur die Position ist wichtig<\/h3>\n\n\n\n<p>Die weit verbreitete Vorstellung, dass alle Mitglieder der Generation Z schnell eine F\u00fchrungsposition anstreben, ist \u00fcbertrieben. Untersuchungen zeigen, dass die Generation Z vielf\u00e4ltige und freundliche Teams, Unabh\u00e4ngigkeit, Mentoring, ehrliche F\u00fchrung und regelm\u00e4\u00dfiges Feedback erwartet.<\/p>\n\n\n\n<h3 class=\"wp-block-heading\">Schwerpunkt auf Ausgewogenheit und Werte<\/h3>\n\n\n\n<p>61% der Arbeitnehmer der Generation Z sind der Meinung, dass ihr Arbeitsplatz und ihr Arbeitgeber ihre Erwartungen erf\u00fcllen. Es ist jedoch nicht nur die <a href=\"https:\/\/coachlab.hu\/de\/bercoach-tamogatas-soll-zahlung-fur-bercoach-finden\/\" title=\"B\u00e9rCoach\" target=\"_blank\" rel=\"noopener\">Gehaltsmotivation<\/a> obwohl dies immer noch ein wichtiger Faktor ist.<\/p>\n\n\n\n<p>Die Deloitte-Umfrage 2025 Global Survey zeigt, dass die Generation Z und die Millennials ohne finanzielle Sicherheit seltener ein positives Wohlbefinden empfinden und ihrer Arbeit weniger Bedeutung beimessen.<\/p>\n\n\n\n<h3 class=\"wp-block-heading\">Technologiegesteuerte Erwartungen<\/h3>\n\n\n\n<p>Die im digitalen Zeitalter geborene Generation Z erwartet von ihren Arbeitgebern, dass sie technologiegest\u00fctzte Methoden einsetzen, um sie f\u00fcr sich zu gewinnen und f\u00fcr sich zu gewinnen. Dies ist nicht \u00fcberraschend, da es sich um die erste Generation handelt, die von Geburt an mit digitalen Technologien in Ber\u00fchrung kommt.<\/p>\n\n\n\n<h2 class=\"wp-block-heading\">Die Realit\u00e4t der Erwartungen und Bestrebungen des Managements<\/h2>\n\n\n\n<h3 class=\"wp-block-heading\">Was motiviert sie zum Fahren?<\/h3>\n\n\n\n<p>Zu den F\u00fchrungserwartungen der Lehrer der Generation Z geh\u00f6ren Inklusivit\u00e4t, Ehrlichkeit, Flexibilit\u00e4t, herzliche Kommunikation, horizontale Beziehungen, konsequentes Verhalten, Unterst\u00fctzung, Motivation und Probleml\u00f6sung. Dies zeigt, dass sie keinen traditionellen, hierarchischen F\u00fchrungsstil bevorzugen.<\/p>\n\n\n\n<figure class=\"wp-block-image aligncenter size-full\"><img decoding=\"async\" width=\"480\" height=\"640\" src=\"https:\/\/CoachLab.hu\/wp-content\/uploads\/A-Z-generacio-es-a-vezetes-Tenyleg-mindenki-fonok-akar-lenni-5-even-belul-selfie-7611326_1280.webp\" alt=\"Generation Z und F\u00fchrung Will wirklich jeder in 5 Jahren Chef sein? \" class=\"wp-image-260871\" srcset=\"https:\/\/coachlab.hu\/wp-content\/uploads\/A-Z-generacio-es-a-vezetes-Tenyleg-mindenki-fonok-akar-lenni-5-even-belul-selfie-7611326_1280.webp 480w, https:\/\/coachlab.hu\/wp-content\/uploads\/A-Z-generacio-es-a-vezetes-Tenyleg-mindenki-fonok-akar-lenni-5-even-belul-selfie-7611326_1280-9x12.webp 9w\" sizes=\"(max-width: 480px) 100vw, 480px\" \/><figcaption class=\"wp-element-caption\">Generation Z und F\u00fchrung Will wirklich jeder in 5 Jahren Chef sein?<\/figcaption><\/figure>\n\n\n\n<h3 class=\"wp-block-heading\">Work-Life-Balance als Priorit\u00e4t<\/h3>\n\n\n\n<p>Untersuchungen zeigen, dass Arbeitnehmer der Generation Z hohe Erwartungen in Bezug auf Freiheit, Bezahlung, flexible Arbeitspl\u00e4tze, Nutzung von Technologie und pers\u00f6nliche Rechte haben. Das bedeutet, dass diese Werte f\u00fcr sie wichtig sind, auch jenseits von F\u00fchrungspositionen.<\/p>\n\n\n\n<h3 class=\"wp-block-heading\">Ehrliche Kommunikation und Mentoring<\/h3>\n\n\n\n<p>F\u00fcr die Generation Z reicht der Titel einer F\u00fchrungskraft nicht aus - sie wollen, dass ihre F\u00fchrungskraft ein echter Mentor ist, der ehrlich kommuniziert und ihre Entwicklung unterst\u00fctzt.<\/p>\n\n\n\n<h2 class=\"wp-block-heading\">Entlarvung des Mythos: Nicht jeder will Chef sein<\/h2>\n\n\n\n<h3 class=\"wp-block-heading\">Komplexe Berufsbilder<\/h3>\n\n\n\n<p>Die Forschung zeigt, dass Studenten eher relationale und ausgewogene psychologische Vertragsdimensionen erwarten als transaktionale. Dies bedeutet, dass ihre Karriereerwartungen komplexer sind als eine schnelle Bef\u00f6rderung.<\/p>\n\n\n\n<p><strong>Hier kommt die Rolle des Coaching ins Spiel<\/strong>W\u00e4hrend die herk\u00f6mmliche Berufsberatung oft einen eindimensionalen Ansatz verfolgt (\"die Karriereleiter hinaufsteigen\"), ist die <a href=\"https:\/\/coachkereso.hu\/\" target=\"_blank\" rel=\"noopener\">professionelles Coaching<\/a> hilft, individuelle Werte, Motivationen und tats\u00e4chliche Ziele zu erkennen.<\/p>\n\n\n\n<h3 class=\"wp-block-heading\">Eine wertegeleitete Karriere<\/h3>\n\n\n\n<p>Eine systematische Durchsicht der Literatur \u00fcber die Karrierew\u00fcnsche der Generation Z zeigt, dass diese Generation einen st\u00e4rker werteorientierten Ansatz f\u00fcr ihre Karriere verfolgt.<\/p>\n\n\n\n<p><strong>Die Vorteile von Coaching<\/strong>Ein erfahrener Coach hilft Ihnen, die Werte zu ermitteln, die Mitarbeiter der Generation Z wirklich motivieren, und einen Karriereweg zu entwickeln, der Ihrer Pers\u00f6nlichkeit und Ihren Zielen entspricht.<\/p>\n\n\n\n<figure class=\"wp-block-image aligncenter size-full\"><img decoding=\"async\" width=\"427\" height=\"640\" src=\"https:\/\/CoachLab.hu\/wp-content\/uploads\/A-Z-generacio-es-a-vezetes-Tenyleg-mindenki-fonok-akar-lenni-5-even-belul-z-3695550_1280.webp\" alt=\"Generation Z und F\u00fchrung Will wirklich jeder in 5 Jahren Chef sein? \" class=\"wp-image-260870\" srcset=\"https:\/\/coachlab.hu\/wp-content\/uploads\/A-Z-generacio-es-a-vezetes-Tenyleg-mindenki-fonok-akar-lenni-5-even-belul-z-3695550_1280.webp 427w, https:\/\/coachlab.hu\/wp-content\/uploads\/A-Z-generacio-es-a-vezetes-Tenyleg-mindenki-fonok-akar-lenni-5-even-belul-z-3695550_1280-8x12.webp 8w\" sizes=\"(max-width: 427px) 100vw, 427px\" \/><figcaption class=\"wp-element-caption\">Generation Z und F\u00fchrung Will wirklich jeder in 5 Jahren Chef sein?<\/figcaption><\/figure>\n\n\n\n<h2 class=\"wp-block-heading\">Was bedeutet dies f\u00fcr Arbeitgeber und Einzelpersonen?<\/h2>\n\n\n\n<h3 class=\"wp-block-heading\">Vorbereitung auf den Wandel auf der Arbeitgeberseite<\/h3>\n\n\n\n<p>Um Organisationen zukunftssicher zu machen, m\u00fcssen wir jetzt damit beginnen, die j\u00fcngeren Generationen zu identifizieren und zu f\u00f6rdern. Das bedeutet jedoch nicht, dass jeder eine F\u00fchrungskraft werden muss, sondern dass wir Wege finden m\u00fcssen, ihre einzigartigen F\u00e4higkeiten und ihre Motivation zu nutzen.<\/p>\n\n\n\n<h3 class=\"wp-block-heading\">Die Herausforderung der individuellen Entwicklung<\/h3>\n\n\n\n<p><strong>An dieser Stelle kommt dem professionellen Coaching eine entscheidende Rolle zu.<\/strong> Die Mitglieder der Generation Z brauchen nicht nur Karriereberatung, sondern auch Unterst\u00fctzung:<\/p>\n\n\n\n<ul class=\"wp-block-list\">\n<li><strong>hilft bei der Kl\u00e4rung ihrer tats\u00e4chlichen Ziele<\/strong> im L\u00e4rm der externen Erwartungen<\/li>\n\n\n\n<li><strong>Entwickelt diese Soft Skills<\/strong>Anforderungen des modernen Arbeitsmarktes<\/li>\n\n\n\n<li><strong>Erstellen Sie einen konkreten Aktionsplan<\/strong> um die gew\u00fcnschten Ergebnisse zu erzielen<\/li>\n\n\n\n<li><strong>Bietet laufend Feedback und Unterst\u00fctzung<\/strong> im Verlauf der Entwicklung<\/li>\n<\/ul>\n\n\n\n<h3 class=\"wp-block-heading\">Neuer Ansatz erforderlich<\/h3>\n\n\n\n<p>Bei der Arbeit mit der Generation Z, ob als F\u00fchrungskraft oder als Teammitglied, sind neue Kompetenzen gefragt. Flexibilit\u00e4t, Technologieintegration und die Entwicklung einer ehrlichen Kommunikation sind alles Bereiche, in denen ein Coaching einen echten Unterschied machen kann.<\/p>\n\n\n\n<h2 class=\"wp-block-heading\">Warum brauchen Sie jetzt Coaching-Unterst\u00fctzung?<\/h2>\n\n\n\n<p>Die Forschungsdaten zeigen dies deutlich: <strong>Die Generation Z denkt anders \u00fcber Karrieren als fr\u00fchere Generationen<\/strong>. Dies ist sowohl eine Chance als auch eine Herausforderung:<\/p>\n\n\n\n<h3 class=\"wp-block-heading\">Die Gelegenheit:<\/h3>\n\n\n\n<ul class=\"wp-block-list\">\n<li>Aufbau von authentischen, werteorientierten Karrieren<\/li>\n\n\n\n<li>Bessere Work-Life-Balance erreichen<\/li>\n\n\n\n<li>Maximierung der Vorteile der Technologie<\/li>\n<\/ul>\n\n\n\n<h3 class=\"wp-block-heading\">Die Herausforderung:<\/h3>\n\n\n\n<ul class=\"wp-block-list\">\n<li>Wie kann man seinen eigenen Weg durch die Klischees finden?<\/li>\n\n\n\n<li>Wie kann man die F\u00e4higkeiten entwickeln, die wirklich wichtig sind?<\/li>\n\n\n\n<li>Wie k\u00f6nnen Sie eine Karriere aufbauen, die Ihren Werten entspricht?<\/li>\n<\/ul>\n\n\n\n<p><strong>Hier kommt die Rolle von CoachLab ins Spiel.<\/strong> Unser Team stellt sich diesen Herausforderungen und hilft Ihnen, Strategien zu entwickeln, um den Anforderungen des modernen Arbeitsmarktes gerecht zu werden.<\/p>\n\n\n\n<h2 class=\"wp-block-heading\">Schlussfolgerung<\/h2>\n\n\n\n<p>Der Mythos \"Die Generation Z will in 5 Jahren alle Chef sein\" ist eine grobe Vereinfachung. Die Realit\u00e4t ist viel nuancierter:<\/p>\n\n\n\n<ul class=\"wp-block-list\">\n<li><strong>Eine wertegeleitete Karriere<\/strong>: Mitglieder der Generation Z treffen Karriereentscheidungen auf der Grundlage von Werten, nicht nur der Position<\/li>\n\n\n\n<li><strong>Suche nach Gleichgewicht<\/strong>Work-Life-Balance und Wohlbefinden sind wichtiger als schnelles berufliches Fortkommen<\/li>\n\n\n\n<li><strong>Technologiegesteuerte Erwartungen<\/strong>Sie erwarten ein modernes Arbeitsumfeld, das durch Technologie unterst\u00fctzt wird.<\/li>\n\n\n\n<li><strong>Mentoring und Entwicklung<\/strong>Sie sind auf der Suche nach kontinuierlichem Lernen und Entwicklung, nicht unbedingt nach F\u00fchrungsqualit\u00e4ten.<\/li>\n<\/ul>\n\n\n\n<p>Erfolgreich werden die Unternehmen sein, die diese Unterschiede verstehen und in der Lage sind, ein Arbeitsumfeld zu schaffen, das den tats\u00e4chlichen Bed\u00fcrfnissen der Generation Z entspricht - egal, ob sie eine F\u00fchrungsposition innehaben oder nicht.<\/p>\n\n\n\n<hr class=\"wp-block-separator has-alpha-channel-opacity\"\/>\n<span class=\"et_bloom_bottom_trigger\"><\/span>","protected":false},"excerpt":{"rendered":"<p>A Z gener\u00e1ci\u00f3 \u00e9s a vezet\u00e9s: T\u00e9nyleg mindenki f\u0151n\u00f6k akar lenni 5 \u00e9ven bel\u00fcl? A munkaer\u0151piac \u00e1talakul\u00f3ban van, \u00e9s a Z gener\u00e1ci\u00f3 (1995-2010 k\u00f6z\u00f6tt sz\u00fcletett) egyre nagyobb r\u00e9sz\u00e9t teszi ki a dolgoz\u00f3knak. M\u00edg a popul\u00e1ris m\u00e9dia gyakran azt sugallja, hogy minden fiatal vezet\u0151v\u00e9 szeretne v\u00e1lni gyors temp\u00f3ban, a val\u00f3s\u00e1g sokkal \u00f6sszetettebb. N\u00e9zz\u00fck meg, mit mutatnak [&hellip;]<\/p>\n","protected":false},"author":1,"featured_media":260869,"comment_status":"closed","ping_status":"open","sticky":false,"template":"","format":"standard","meta":{"_et_pb_use_builder":"","_et_pb_old_content":"","_et_gb_content_width":"","footnotes":""},"categories":[317,82,1,95,81,350,100,115,105,93,57],"tags":[379,316,378],"class_list":["post-260868","post","type-post","status-publish","format-standard","has-post-thumbnail","hentry","category-generacios-coaching","category-business-coaching","category-coaching","category-coaching-trendek","category-executive-coaching","category-fiatal-vezetok","category-karrier-coaching","category-szemelyes-coaching","category-tippek-es-trukkok","category-vezetes","category-vezetofejlesztes","tag-fiatal-vezeto","tag-generacios-coaching","tag-z-gerenacio"],"_links":{"self":[{"href":"https:\/\/coachlab.hu\/de\/wp-json\/wp\/v2\/posts\/260868","targetHints":{"allow":["GET"]}}],"collection":[{"href":"https:\/\/coachlab.hu\/de\/wp-json\/wp\/v2\/posts"}],"about":[{"href":"https:\/\/coachlab.hu\/de\/wp-json\/wp\/v2\/types\/post"}],"author":[{"embeddable":true,"href":"https:\/\/coachlab.hu\/de\/wp-json\/wp\/v2\/users\/1"}],"replies":[{"embeddable":true,"href":"https:\/\/coachlab.hu\/de\/wp-json\/wp\/v2\/comments?post=260868"}],"version-history":[{"count":3,"href":"https:\/\/coachlab.hu\/de\/wp-json\/wp\/v2\/posts\/260868\/revisions"}],"predecessor-version":[{"id":15767448,"href":"https:\/\/coachlab.hu\/de\/wp-json\/wp\/v2\/posts\/260868\/revisions\/15767448"}],"wp:featuredmedia":[{"embeddable":true,"href":"https:\/\/coachlab.hu\/de\/wp-json\/wp\/v2\/media\/260869"}],"wp:attachment":[{"href":"https:\/\/coachlab.hu\/de\/wp-json\/wp\/v2\/media?parent=260868"}],"wp:term":[{"taxonomy":"category","embeddable":true,"href":"https:\/\/coachlab.hu\/de\/wp-json\/wp\/v2\/categories?post=260868"},{"taxonomy":"post_tag","embeddable":true,"href":"https:\/\/coachlab.hu\/de\/wp-json\/wp\/v2\/tags?post=260868"}],"curies":[{"name":"wp","href":"https:\/\/api.w.org\/{rel}","templated":true}]}}