{"id":255968,"date":"2024-12-21T13:02:01","date_gmt":"2024-12-21T12:02:01","guid":{"rendered":"https:\/\/coachlab.hu\/?p=255968"},"modified":"2025-06-25T13:35:28","modified_gmt":"2025-06-25T11:35:28","slug":"napi-motivacios-idezetek-minden-napra-egy-motivalo-idezet","status":"publish","type":"post","link":"https:\/\/coachlab.hu\/de\/blog\/tagliche-motivationszitate-ein-motivationszitat-fur-jeden-tag\/","title":{"rendered":"Motivierende Zitate &amp; t\u00e4gliche Motivation - 600+ motivierende Zitate!"},"content":{"rendered":"\n<h2 class=\"wp-block-heading\" id=\"napi-motivacios-idezetek-minden-napra-egy-motivalo-idezet\"><a href=\"https:\/\/coachlab.hu\/blog\/napi-motivacios-idezetek-minden-napra-egy-motivalo-idezet\/\">Motiv\u00e1ci\u00f3s Id\u00e9zetek &amp; Napi Motiv\u00e1ci\u00f3 &#8211; 600+ Motiv\u00e1l\u00f3 Id\u00e9zet!<\/a><\/h2>\n\n\n\n<h3 class=\"wp-block-heading\" id=\"ha-nem-motival-senki-olvasd-az-alabbi-idezeteket-es-motivald-veluk-omagadat\">Ha nem motiv\u00e1l senki, olvasd az al\u00e1bb <strong>motiv\u00e1l\u00f3 id\u00e9zetek gy\u0171jtem\u00e9ny\u00fcnket<\/strong> \u00e9s motiv\u00e1ld vel\u00fck \u00f6magadat!<\/h3>\n\n\n\n<h4 class=\"wp-block-heading\" id=\"sot-gyere-vissza-minden-nap-es-olvasd-el-a-napod-elejen-az-adott-napra-vonatkozo-motivaciodat\">Minden napra jut ak\u00e1t t\u00f6bb remek id\u00e9zet ami felt\u00f6lt a napod elej\u00e9n jelent\u0151sen emeli az adott napra vonatkoz\u00f3 motiv\u00e1ci\u00f3 szintedet!<\/h4>\n\n\n\n<h2 class=\"wp-block-heading\" id=\"motivacios-idezetek-minden-napra\">Motiv\u00e1ci\u00f3s id\u00e9zetek minden napra. Itt megtal\u00e1lsz minden napra egy vgy t\u00f6bb motiv\u00e1ci\u00f3s id\u00e9zetet, ugorj a mai nphoz \u00e9s n\u00e9zd meg!<\/h2>\n\n\n\n<figure class=\"wp-block-image aligncenter size-full\"><img decoding=\"async\" width=\"640\" height=\"459\" src=\"https:\/\/coachLab.hu\/wp-content\/uploads\/Vezetoi-Motivacio-Hogyan-segit-a-Coaching-motivation-3233650_1280.webp\" alt=\"Napi motiv\u00e1ci\u00f3s id\u00e9zetek  Minden napra egy motiv\u00e1l\u00f3 id\u00e9zet \n\nVezet\u0151i Motiv\u00e1ci\u00f3 - Hogyan seg\u00edt a Coaching motivation-3233650_1280\" class=\"wp-image-252232\" srcset=\"https:\/\/coachLab.hu\/wp-content\/uploads\/Vezetoi-Motivacio-Hogyan-segit-a-Coaching-motivation-3233650_1280.webp 640w, https:\/\/coachLab.hu\/wp-content\/uploads\/Vezetoi-Motivacio-Hogyan-segit-a-Coaching-motivation-3233650_1280-480x344.webp 480w\" sizes=\"(min-width: 0px) and (max-width: 480px) 480px, (min-width: 481px) 640px, 100vw\" \/><\/figure>\n\n\n\n<div class=\"wp-block-buttons is-layout-flex wp-block-buttons-is-layout-flex\"><\/div>\n\n\n\n<h6 class=\"wp-block-heading\" id=\"teged-motival-eleget-e-fonokod-a-vezetod-ceged-munkatarsaid\">T\u00e9ged Motiv\u00e1l eleget e f\u0151n\u00f6k\u00f6d, a vezet\u0151d, c\u00e9ged, munkat\u00e1rsaid?<\/h6>\n\n\n\n<h6 class=\"wp-block-heading\" id=\"te-motivalod-eleget-a-munkatarsaidat-barataidat-ismeroseidet-csaladodat\">Te motiv\u00e1lod eleget a <a href=\"https:\/\/coachbp.hu\/\" target=\"_blank\" rel=\"noreferrer noopener\">munkat\u00e1rsaidat<\/a>, bar\u00e1taidat, ismer\u0151seidet, csal\u00e1dodat?<\/h6>\n\n\n\n<h6 class=\"wp-block-heading\" id=\"itt-a-lehetoseg-elj-vele-hasznald-motivalj-masokat-es-onmagadat-is\">Itt a lehet\u0151s\u00e9g, \u00e9lj vele! <strong>Haszn\u00e1ld, motiv\u00e1lj m\u00e1sokat<\/strong> \u00e9s <strong>legf\u0151k\u00e9pp \u00d6nmagadat!<\/strong><\/h6>\n\n\n\n<h6 class=\"wp-block-heading\" id=\"mi-a-coach-lab-nel-ugy-veljuk-es-ugy-tapasztaljuk-hogy-az-eletben-keveset-motivaljuk-egymast-meg-kevesbe-onmagunkat-marpedig-ennek-szokassa-kell-valnia\">Mi <strong><a href=\"https:\/\/coachlab.hu\/\" data-type=\"page\" data-id=\"30\" target=\"_blank\" rel=\"noreferrer noopener\">a CoachLab-n\u00e9l<\/a><\/strong> \u00fagy v\u00e9lj\u00fck \u00e9s \u00fagy tapasztaljuk, hogy az \u00e9letben <strong>keveset motiv\u00e1ljuk egym\u00e1st<\/strong>, m\u00e9g kev\u00e9sb\u00e9 \u00f6nmagunkat. M\u00e1rpedig ennek szok\u00e1ss\u00e1 kell v\u00e1lnia! Ez\u00e9rt is szedt\u00fcnk \u00f6ssze nem kis munk\u00e1val az al\u00e1bbi motiv\u00e1ci\u00f3 minden napra gy\u0171jtem\u00e9ny\u00fcnket.<\/h6>\n\n\n\n<div style=\"height:50px\" aria-hidden=\"true\" class=\"wp-block-spacer\"><\/div>\n\n\n\n<div class=\"wp-block-buttons is-content-justification-center is-layout-flex wp-container-core-buttons-is-layout-16018d1d wp-block-buttons-is-layout-flex\">\n<div class=\"wp-block-button\"><a class=\"wp-block-button__link has-medium-font-size has-text-align-center has-custom-font-size wp-element-button\" href=\"#email\">Ha egyed\u00fcl nem megy &#8211; d<strong>olgozzunk egy\u00fctt<\/strong> a motiv\u00e1ci\u00f3don<\/a><\/div>\n<\/div>\n\n\n\n<div style=\"height:50px\" aria-hidden=\"true\" class=\"wp-block-spacer\"><\/div>\n\n\n\n<h2 class=\"wp-block-heading\" id=\"a-mai-datum\">A Mai d\u00e1tum:<\/h2>\n\n\n\n<!DOCTYPE html>\n<html lang=\"hu\">\n<head>\n    <meta charset=\"UTF-8\">\n    <title>Mai D\u00e1tum<\/title>\n    <script>\n        document.addEventListener(\"DOMContentLoaded\", function() {\n            const date = new Date();\n            const options = { year: 'numeric', month: 'long', day: 'numeric' };\n            const formattedDate = date.toLocaleDateString('hu-HU', options);\n            document.getElementById('date').innerText = formattedDate;\n        });\n    <\/script>\n<\/head>\n<body>\n    <h2 id=\"date\"><\/h2>\n<\/body>\n<\/html>\n\n\n\n<div style=\"height:70px\" aria-hidden=\"true\" class=\"wp-block-spacer\"><\/div>\n\n\n\n<h2 class=\"wp-block-heading has-text-align-center has-luminous-vivid-amber-background-color has-background\" id=\"h\" style=\"font-size:24px\">Ha a tartalomjegyz\u00e9k linkek nem m\u0171k\u00f6dnek scrollozz le a keresett d\u00e1tumhoz!<\/h2>\n\n\n\n<div class=\"wp-block-kadence-icon kt-svg-icons kt-svg-icons255968_edeb4f-bb alignnone\">\n<div class=\"wp-block-kadence-single-icon kt-svg-style-default kt-svg-icon-wrap kt-svg-item-255968_2eef52-d4\"><span data-name=\"fe_arrowDown\" data-stroke=\"2\" class=\"kadence-dynamic-icon\"><\/span><\/div>\n<\/div>\n\n\n\n<div class=\"wp-block-rank-math-toc-block\" id=\"rank-math-toc\"><h2>Tartalomjegyz\u00e9k<\/h2><nav><ul><li class=\"\"><a href=\"#napi-motivacios-idezetek-minden-napra-egy-motivalo-idezet\">Motiv\u00e1ci\u00f3s Id\u00e9zetek &amp; Napi Motiv\u00e1ci\u00f3 &#8211; 600+ Motiv\u00e1l\u00f3 Id\u00e9zet!<\/a><ul><li class=\"\"><a href=\"#ha-nem-motival-senki-olvasd-az-alabbi-idezeteket-es-motivald-veluk-omagadat\">Ha nem motiv\u00e1l senki, olvasd az al\u00e1bb motiv\u00e1l\u00f3 id\u00e9zetek gy\u0171jtem\u00e9ny\u00fcnket \u00e9s motiv\u00e1ld vel\u00fck \u00f6magadat!<\/a><\/li><\/ul><\/li><li class=\"\"><a href=\"#motivacios-idezetek-minden-napra\">Motiv\u00e1ci\u00f3s id\u00e9zetek minden napra. Itt megtal\u00e1lsz minden napra egy vgy t\u00f6bb motiv\u00e1ci\u00f3s id\u00e9zetet, ugorj a mai nphoz \u00e9s n\u00e9zd meg!<\/a><\/li><li class=\"\"><a href=\"#a-mai-datum\">A Mai d\u00e1tum:<\/a><\/li><li class=\"\"><a href=\"#h\">Ha a tartalomjegyz\u00e9k linkek nem m\u0171k\u00f6dnek scrollozz le a keresett d\u00e1tumhoz!<\/a><ul><li class=\"\"><a href=\"#januar-1-31-motivacios-idezetek\">Janu\u00e1r 1. &#8211; 31. Motiv\u00e1ci\u00f3s Id\u00e9zetek<\/a><\/li><li class=\"\"><a href=\"#februar-1-28-1-motivacios-idezetek\">Febru\u00e1r 1. \u2013 28.(+1) Motiv\u00e1ci\u00f3s Id\u00e9zetek &#8211; febru\u00e1ri id\u00e9zetek<\/a><\/li><li class=\"\"><a href=\"#marcius-1-31-motivacios-idezetek\">M\u00e1rcius 1. \u2013 31. Motiv\u00e1ci\u00f3s Id\u00e9zetek &#8211; m\u00e1rciusi id\u00e9zetek<\/a><\/li><li class=\"\"><a href=\"#aprilis-1-30-motivacios-idezetek\">\u00c1prilis 1. \u2013 30. Motiv\u00e1ci\u00f3s Id\u00e9zetek &#8211; \u00e1prilisi motiv\u00e1l\u00f3 id\u00e9zetek<\/a><\/li><li class=\"\"><a href=\"#majus-1-31-motivacios-idezetek\">M\u00e1jus 1. \u2013 31. Motiv\u00e1ci\u00f3s Id\u00e9zetek<\/a><\/li><\/ul><\/li><li class=\"\"><a href=\"#minden-a-motivacio-temakorebbol\">Minden a motiv\u00e1ci\u00f3 t\u00e9mak\u00f6r\u00e9b\u0151l:<\/a><ul><li class=\"\"><a href=\"#junius-1-30-motivacios-idezetek\">J\u00fanius 1. \u2013 30. Motiv\u00e1ci\u00f3s Id\u00e9zetek<\/a><\/li><li class=\"\"><a href=\"#julius-1-31-motivacios-idezetek\">J\u00falius 1. \u2013 31. Motiv\u00e1ci\u00f3s Id\u00e9zetek<\/a><\/li><li class=\"\"><a href=\"#augusztus-1-31-motivacios-idezetek\">Augusztus 1. \u2013 31. Minden napra Id\u00e9zet<\/a><\/li><li class=\"\"><a href=\"#szeptember-1-30-motivacios-idezetek\">Szeptember 1. \u2013 30. Id\u00e9zetek<\/a><\/li><li class=\"\"><a href=\"#oktober-1-31-motivacios-idezetek\">Okt\u00f3ber 1. \u2013 31. Napi Motiv\u00e1ci\u00f3s Id\u00e9zetek<\/a><\/li><li class=\"\"><a href=\"#november-1-30-motivacios-idezetek\">November 1. \u2013 30. Motiv\u00e1ci\u00f3s Id\u00e9zetek<\/a><\/li><li class=\"\"><a href=\"#december-1-31-motivacios-idezetek\">December 1. \u2013 31. Motiv\u00e1ci\u00f3s Id\u00e9zetek<\/a><\/li><li class=\"\"><a href=\"#pozitiv-idezetek-minden-napra\">Pozit\u00edv id\u00e9zetek minden napra<\/a><\/li><li class=\"\"><a href=\"#raadaskent-ismertebb-motivacios-idezetek-ismert-szemelyektol\">R\u00e1ad\u00e1sk\u00e9nt ismertebb motiv\u00e1ci\u00f3s id\u00e9zetek h\u00edress\u00e9gekt\u0151l, ismert szem\u00e9lyekt\u0151l<\/a><\/li><\/ul><\/li><li class=\"\"><a href=\"#motivacios-faq\">Motiv\u00e1ci\u00f3s FAQ<\/a><\/li><li class=\"\"><a href=\"#motivalo-idezetek\">Motiv\u00e1l\u00f3 id\u00e9zetek, minden napra egy id\u00e9zet<\/a><\/li><\/ul><\/nav><\/div>\n\n\n\n<div class=\"wp-block-kadence-icon kt-svg-icons kt-svg-icons255968_9e5e7e-5d alignnone\">\n<div class=\"wp-block-kadence-single-icon kt-svg-style-default kt-svg-icon-wrap kt-svg-item-255968_cb9677-b6\"><span data-name=\"fe_arrowDown\" data-stroke=\"2\" class=\"kadence-dynamic-icon\"><\/span><\/div>\n<\/div>\n\n\n\n<div class=\"wp-block-group is-layout-constrained wp-block-group-is-layout-constrained\">\n<div style=\"height:100px\" aria-hidden=\"true\" class=\"wp-block-spacer\"><\/div>\n\n\n\n<div class=\"wp-block-buttons is-content-justification-center is-layout-flex wp-container-core-buttons-is-layout-16018d1d wp-block-buttons-is-layout-flex\">\n<div class=\"wp-block-button\"><a class=\"wp-block-button__link has-pale-cyan-blue-background-color has-background has-medium-font-size has-custom-font-size wp-element-button\" href=\"#email\"><strong>Besz\u00e9lj\u00fcnk a c\u00e9ljaidr\u00f3l!<\/strong><\/a><\/div>\n<\/div>\n\n\n\n<div style=\"height:100px\" aria-hidden=\"true\" class=\"wp-block-spacer\"><\/div>\n<\/div>\n\n\n\n<h4 class=\"wp-block-heading\" id=\"motivacio-januar-honapra\">Motiv\u00e1ci\u00f3 Janu\u00e1r h\u00f3napra &#8211; Janu\u00e1ri id\u00e9zetek<\/h4>\n\n\n\n<h3 class=\"wp-block-heading\" id=\"januar-1-31-motivacios-idezetek\">Janu\u00e1r 1. &#8211; 31. Motiv\u00e1ci\u00f3s Id\u00e9zetek<\/h3>\n\n\n\n<p><strong>Janu\u00e1r 1.<\/strong><br>\u201eAz \u00faj \u00e9v nem hoz v\u00e1ltoz\u00e1st, ha te magad nem v\u00e1ltozol. Kezdd az utadat most, \u00e9s \u00e9p\u00edts egy jobb j\u00f6v\u0151t!\u201d<\/p>\n\n\n\n<p><strong>Janu\u00e1r 2.<\/strong><br>\u201eMinden egyes nap egy \u00faj lehet\u0151s\u00e9g arra, hogy k\u00f6zelebb ker\u00fclj ahhoz, aki lenni szeretn\u00e9l. Kezdd ma!\u201d<\/p>\n\n\n\n<p><strong>Janu\u00e1r 3.<\/strong><br>\u201eAz \u00e1lmaid csak akkor v\u00e1lnak val\u00f3ra, ha mersz nagyot \u00e1lmodni \u00e9s b\u00e1tran cselekedni.\u201d<\/p>\n\n\n\n<p><strong>Janu\u00e1r 4.<\/strong><br>\u201eA siker nem v\u00e9g\u00e1llom\u00e1s, a kudarc nem v\u00e9gzetes: a l\u00e9nyeg a folytat\u00e1s b\u00e1tors\u00e1ga.\u201d \u2013 Winston Churchill<\/p>\n\n\n\n<p><strong>Janu\u00e1r 5.<\/strong><br>\u201eA halogat\u00e1s a lehet\u0151s\u00e9geid tolvaja. Cselekedj most, \u00e9s ne hagyd, hogy az id\u0151 elm\u00faljon an\u00e9lk\u00fcl, hogy l\u00e9pn\u00e9l!\u201d<\/p>\n\n\n\n<p><strong>Janu\u00e1r 6.<\/strong><br>\u201eNem sz\u00e1m\u00edt, milyen lassan haladsz, am\u00edg nem \u00e1llsz meg.\u201d \u2013 Konfuciusz<\/p>\n\n\n\n<p><strong>Janu\u00e1r 7.<\/strong><br>\u201eAz igazi v\u00e1ltoz\u00e1s bel\u00fclr\u0151l indul. L\u00e9gy az a szem\u00e9ly, aki ma jobb, mint tegnap volt.\u201d<\/p>\n\n\n\n<p><strong>Janu\u00e1r 8.<\/strong><br>\u201eMinden neh\u00e9zs\u00e9g egy rejtett lehet\u0151s\u00e9g. Keresd meg, \u00e9s ford\u00edtsd el\u0151ny\u00f6dre!\u201d<\/p>\n\n\n\n<p><strong>Janu\u00e1r 9.<\/strong><br>\u201eA gy\u0151ztesek nem azok, akik soha nem buknak el, hanem azok, akik mindig fel\u00e1llnak.\u201d<\/p>\n\n\n\n<p><strong>Janu\u00e1r 10.<\/strong><br>\u201eNem az sz\u00e1m\u00edt, honnan indulsz, hanem az, hogy hov\u00e1 tartasz.\u201d<\/p>\n\n\n\n<p><strong>Janu\u00e1r 11.<\/strong><br>\u201eA boldogs\u00e1g nem c\u00e9l, hanem az utaz\u00e1s maga. \u00c9lvezd az apr\u00f3 sikereket minden nap!\u201d<\/p>\n\n\n\n<p><strong>Janu\u00e1r 12.<\/strong><br>\u201eA lehetetlen csak egy v\u00e9lem\u00e9ny. Hozz d\u00f6nt\u00e9seket, \u00e9s alak\u00edtsd saj\u00e1t val\u00f3s\u00e1god!\u201d<\/p>\n\n\n\n<p><strong>Janu\u00e1r 13.<\/strong><br>\u201eEgy apr\u00f3 l\u00e9p\u00e9s is k\u00f6zelebb visz a c\u00e9lodhoz, mint az \u00e1lmodoz\u00e1s t\u00e9tlen\u00fcl.\u201d<\/p>\n\n\n\n<p><strong>Janu\u00e1r 14.<\/strong><br>\u201eA m\u00falt nem hat\u00e1rozza meg a j\u00f6v\u0151det. Engedd el a terheket, \u00e9s l\u00e9pj el\u0151re szabadon!\u201d<\/p>\n\n\n\n<p><strong>Janu\u00e1r 15.<\/strong><br>\u201eMinden nagy utaz\u00e1s az els\u0151 l\u00e9p\u00e9ssel kezd\u0151dik. Ne f\u00e9lj elindulni!\u201d \u2013 Lao-ce<\/p>\n\n\n\n<p><strong>Janu\u00e1r 16.<\/strong><br>\u201eAz er\u0151 benned rejlik. Merj hinni magadban, \u00e9s tedd meg az els\u0151 l\u00e9p\u00e9st az \u00e1lmaid fel\u00e9!\u201d<\/p>\n\n\n\n<p><strong>Janu\u00e1r 17.<\/strong><br>\u201eA kitart\u00e1s \u00e9s a szenved\u00e9ly egy\u00fctt teremtik meg a sikert. Ne add fel, b\u00e1rmi t\u00f6rt\u00e9nj\u00e9k is!\u201d<\/p>\n\n\n\n<p><strong>Janu\u00e1r 18.<\/strong><br>\u201eAz igazi siker az, ha minden napot teljes sz\u00edvvel \u00e9lsz meg, \u00e9s nem f\u00e9lsz \u00faj dolgokat kipr\u00f3b\u00e1lni.\u201d<\/p>\n\n\n\n<p><strong>Janu\u00e1r 19.<\/strong><br>\u201eA legnagyobb akad\u00e1ly a f\u00e9lelem. N\u00e9zz szembe vele, \u00e9s engedd, hogy a b\u00e1tors\u00e1g vezessen!\u201d<\/p>\n\n\n\n<p><strong>Janu\u00e1r 20.<\/strong><br>\u201eAz \u00e9let nem arr\u00f3l sz\u00f3l, hogy v\u00e1rjuk a vihart, hanem arr\u00f3l, hogy megtanuljunk t\u00e1ncolni az es\u0151ben.\u201d<\/p>\n\n\n\n<p><strong>Janu\u00e1r 21.<\/strong><br>\u201eA csendes er\u0151, amivel \u00f6nmagadba fektetsz, mindig meghozza a gy\u00fcm\u00f6lcs\u00e9t. Haladj el\u0151re!\u201d<\/p>\n\n\n\n<p><strong>Janu\u00e1r 22.<\/strong><br>\u201eNe hasonl\u00edtsd magad m\u00e1sokhoz! Az egyetlen versenyt\u00e1rsad az a szem\u00e9ly, aki tegnap volt\u00e1l.\u201d<\/p>\n\n\n\n<p><strong>Janu\u00e1r 23.<\/strong><br>\u201eA kih\u00edv\u00e1sok tesznek er\u0151sebb\u00e9, a kudarcok b\u00f6lcsebb\u00e9, \u00e9s a kitart\u00e1s sikeress\u00e9.\u201d<\/p>\n\n\n\n<p><strong>Janu\u00e1r 24.<\/strong><br>\u201eNe v\u00e1rj a t\u00f6k\u00e9letes pillanatra, mert ilyen nincs. Kezdd el most, amit szeretn\u00e9l!\u201d<\/p>\n\n\n\n<p><strong>Janu\u00e1r 25.<\/strong><br>\u201eAz \u00e1lmaid ereje abban rejlik, hogy mersz hinni benn\u00fck. Tarts ki mellett\u00fck minden\u00e1ron!\u201d<\/p>\n\n\n\n<p><strong>Janu\u00e1r 26.<\/strong><br>\u201eA kudarcok nem v\u00e9g\u00e1llom\u00e1sok, hanem tanuls\u00e1gok. Tanulj bel\u0151l\u00fck, \u00e9s l\u00e9pj tov\u00e1bb!\u201d<\/p>\n\n\n\n<p><strong>Janu\u00e1r 27.<\/strong><br>\u201eAz igazi boldogs\u00e1g abb\u00f3l fakad, hogy \u00f6nmagad vagy. Ne pr\u00f3b\u00e1lj m\u00e1s lenni!\u201d<\/p>\n\n\n\n<p><strong>Janu\u00e1r 28.<\/strong><br>\u201eMinden reggel egy \u00faj es\u00e9ly arra, hogy jobb\u00e1 tedd az \u00e9leted. \u00c9lj vele!\u201d<\/p>\n\n\n\n<p><strong>Janu\u00e1r 29.<\/strong><br>\u201eAzok, akik mernek \u00e1lmodni, k\u00e9pesek a vil\u00e1got megv\u00e1ltoztatni. Te is k\u00e9pes vagy r\u00e1!\u201d<\/p>\n\n\n\n<p><strong>Janu\u00e1r 30.<\/strong><br>\u201eA siker nem az, amit birtokolsz, hanem az, aki vagy. Fejl\u0151dj minden nap!\u201d<\/p>\n\n\n\n<p><strong>Janu\u00e1r 31.<\/strong><br>\u201eL\u00e9gy h\u00e1l\u00e1s minden apr\u00f3 \u00f6r\u00f6m\u00e9rt, \u00e9s vedd \u00e9szre a csod\u00e1t a mindennapokban. Ez a boldogs\u00e1g titka.\u201d<\/p>\n\n\n\n<div style=\"height:100px\" aria-hidden=\"true\" class=\"wp-block-spacer\"><\/div>\n\n\n\n<figure class=\"wp-block-embed is-type-wp-embed is-provider-coachlab-coaching-szolg-ltat-sok-vezet-fejleszt-s-executive-coaching-tan-csad-s-coachlab-hu wp-block-embed-coachlab-coaching-szolg-ltat-sok-vezet-fejleszt-s-executive-coaching-tan-csad-s-coachlab-hu\"><div class=\"wp-block-embed__wrapper\">\n<blockquote class=\"wp-embedded-content\" data-secret=\"pskxIha4fI\"><a href=\"https:\/\/coachlab.hu\/motivacios-coaching\/\">Motiv\u00e1ci\u00f3s Coaching<\/a><\/blockquote><iframe class=\"wp-embedded-content\" sandbox=\"allow-scripts\" security=\"restricted\" style=\"position: absolute; visibility: hidden;\" title=\"&#8220;Motiv\u00e1ci\u00f3s Coaching&#8221; &#8212; CoachLab Coaching Szolg\u00e1ltat\u00e1sok | Vezet\u0151fejleszt\u00e9s | Executive Coaching | Tan\u00e1csad\u00e1s | CoachLab.hu\" src=\"https:\/\/coachlab.hu\/motivacios-coaching\/embed\/#?secret=LsjTtM4Tn5#?secret=pskxIha4fI\" data-secret=\"pskxIha4fI\" width=\"600\" height=\"338\" frameborder=\"0\" marginwidth=\"0\" marginheight=\"0\" scrolling=\"no\"><\/iframe>\n<\/div><\/figure>\n\n\n\n<div class=\"wp-block-group is-layout-constrained wp-block-group-is-layout-constrained\">\n<div style=\"height:100px\" aria-hidden=\"true\" class=\"wp-block-spacer\"><\/div>\n\n\n\n<div class=\"wp-block-buttons is-content-justification-center is-layout-flex wp-container-core-buttons-is-layout-16018d1d wp-block-buttons-is-layout-flex\">\n<div class=\"wp-block-button\"><a class=\"wp-block-button__link has-pale-cyan-blue-background-color has-background has-medium-font-size has-custom-font-size wp-element-button\" href=\"#email\"><strong>D<\/strong>olgozzunk egy\u00fctt!<\/a><\/div>\n<\/div>\n\n\n\n<div style=\"height:100px\" aria-hidden=\"true\" class=\"wp-block-spacer\"><\/div>\n<\/div>\n\n\n\n<p><\/p>\n\n\n\n<h3 class=\"wp-block-heading\" id=\"februar-1-28-1-motivacios-idezetek\">Febru\u00e1r 1. \u2013 28.(+1) Motiv\u00e1ci\u00f3s Id\u00e9zetek &#8211; febru\u00e1ri id\u00e9zetek<\/h3>\n\n\n\n<p><strong>Febru\u00e1r 1.<\/strong><br>\u201eMinden nap egy \u00fajabb lehet\u0151s\u00e9g, hogy k\u00f6zelebb ker\u00fclj a c\u00e9ljaidhoz. Haszn\u00e1ld ki a mai napot!\u201d<\/p>\n\n\n\n<p><strong>Febru\u00e1r 2.<\/strong><br>\u201eAz igazi er\u0151 nem abban rejlik, hogy sosem es\u00fcnk el, hanem abban, hogy mindig fel\u00e1llunk.\u201d<\/p>\n\n\n\n<p><strong>Febru\u00e1r 3.<\/strong><br>\u201eNe hagyd, hogy a tegnap hib\u00e1i meg\u00e1ll\u00edtsanak. A ma a v\u00e1ltoz\u00e1s napja lehet!\u201d<\/p>\n\n\n\n<p><strong>Febru\u00e1r 4.<\/strong><br>\u201eAz \u00e9let r\u00f6vid ahhoz, hogy k\u00e9telkedj magadban. Higgy a k\u00e9pess\u00e9geidben, \u00e9s l\u00e9pj el\u0151re!\u201d<\/p>\n\n\n\n<p><strong>Febru\u00e1r 5.<\/strong><br>\u201eA siker kulcsa nem a tehets\u00e9g, hanem a kitart\u00e1s \u00e9s a kem\u00e9ny munka.\u201d<\/p>\n\n\n\n<p><strong>Febru\u00e1r 6.<\/strong><br>\u201eAmikor \u00fagy \u00e9rzed, hogy minden ellened van, eml\u00e9kezz r\u00e1: a rep\u00fcl\u0151g\u00e9pek is szembesz\u00e9lben emelkednek fel.\u201d<\/p>\n\n\n\n<p><strong>Febru\u00e1r 7.<\/strong><br>\u201eA v\u00e1ltoz\u00e1s nem mindig k\u00e9nyelmes, de mindig meg\u00e9ri. Ne f\u00e9lj kil\u00e9pni a komfortz\u00f3n\u00e1db\u00f3l!\u201d<\/p>\n\n\n\n<p><strong>Febru\u00e1r 8.<\/strong><br>\u201eAz \u00e9let legjobb dolgai akkor t\u00f6rt\u00e9nnek, amikor a legkev\u00e9sb\u00e9 sz\u00e1m\u00edtasz r\u00e1juk. Maradj nyitott!\u201d<\/p>\n\n\n\n<p><strong>Febru\u00e1r 9.<\/strong><br>\u201eA nagy \u00e1lmokhoz nagy b\u00e1tors\u00e1g kell. Tarts ki, \u00e9s ne hagyd, hogy b\u00e1rki lebesz\u00e9ljen r\u00f3la!\u201d<\/p>\n\n\n\n<p><strong>Febru\u00e1r 10.<\/strong><br>\u201eAz igazi siker az, ha minden nap \u00f6nmagad legjobb verzi\u00f3j\u00e1t adod.\u201d<\/p>\n\n\n\n<p><strong>Febru\u00e1r 11.<\/strong><br>\u201eHa el\u00e9g er\u0151s vagy, hogy elhat\u00e1rozd, meg is tudod val\u00f3s\u00edtani. Ne hagyd, hogy b\u00e1rmi elt\u00e1ntor\u00edtson!\u201d<\/p>\n\n\n\n<p><strong>Febru\u00e1r 12.<\/strong><br>\u201eMindenki elbukik egyszer. A k\u00fcl\u00f6nbs\u00e9g az, hogy ki \u00e1ll fel \u00fajra, \u00e9s ki adja fel.\u201d<\/p>\n\n\n\n<p><strong>Febru\u00e1r 13.<\/strong><br>\u201eA boldogs\u00e1g nem c\u00e9l, hanem \u00e9letst\u00edlus. Keresd minden apr\u00f3 pillanatban!\u201d<\/p>\n\n\n\n<p><strong>Febru\u00e1r 14.<\/strong><br>\u201eA szeretet a leger\u0151sebb <a href=\"https:\/\/coachlab.hu\/motivacios-coaching\/\" title=\"Motiv\u00e1ci\u00f3s Coaching\" target=\"_blank\" rel=\"noopener\">motiv\u00e1ci\u00f3<\/a>. Ne feledd, hogy minden, amit szeretettel teszel, sokszoros\u00e1ra n\u0151.\u201d<\/p>\n\n\n\n<p><strong>Febru\u00e1r 15.<\/strong><br>\u201eAz <a href=\"https:\/\/coachlab.hu\/blog\/onbizalom-utmutato-jelentese-tipusai-fejlesztese\/\" title=\"Az \u00f6nbizalom \u00e9p\u00edt\u0151k\u00f6vei: \u00c1tfog\u00f3 \u00fatmutat\u00f3 az eg\u00e9szs\u00e9ges \u00f6n\u00e9rt\u00e9kel\u00e9s kialak\u00edt\u00e1s\u00e1hoz\" target=\"_blank\" rel=\"noopener\">\u00f6nbizalom<\/a> abb\u00f3l fakad, hogy hiszel magadban, m\u00e9g akkor is, ha senki m\u00e1s nem hisz benned.\u201d<\/p>\n\n\n\n<p><strong>Febru\u00e1r 16.<\/strong><br>\u201eA kicsi, napi l\u00e9p\u00e9sek hatalmas v\u00e1ltoz\u00e1sokhoz vezetnek. Tarts ki, \u00e9s haladj el\u0151re!\u201d<\/p>\n\n\n\n<p><strong>Febru\u00e1r 17.<\/strong><br>\u201eAz \u00e9let legfontosabb tanuls\u00e1ga, hogy merj v\u00e1ltoztatni. Mindig van id\u0151 \u00fajrakezdeni.\u201d<\/p>\n\n\n\n<p><strong>Febru\u00e1r 18.<\/strong><br>\u201eNe hagyd, hogy a f\u00e9lelmeid ir\u00e1ny\u00edtsanak. L\u00e9gy b\u00e1tor, \u00e9s k\u00f6vesd az \u00e1lmaidat!\u201d<\/p>\n\n\n\n<p><strong>Febru\u00e1r 19.<\/strong><br>\u201eA val\u00f3di siker az, ha b\u00e9k\u00e9t tal\u00e1lsz \u00f6nmagaddal, \u00e9s h\u00e1l\u00e1s vagy az\u00e9rt, amid van.\u201d<\/p>\n\n\n\n<p><strong>Febru\u00e1r 20.<\/strong><br>\u201eAz \u00e9let nem v\u00e1r r\u00e1d, hogy k\u00e9szen \u00e1llj. Indulj el, \u00e9s form\u00e1ld meg az utadat!\u201d<\/p>\n\n\n\n<p><strong>Febru\u00e1r 21.<\/strong><br>\u201eA legnagyobb akad\u00e1ly a saj\u00e1t gondolkod\u00e1sod. T\u00f6rj ki, \u00e9s higgy a v\u00e9gtelen lehet\u0151s\u00e9gekben!\u201d<\/p>\n\n\n\n<p><strong>Febru\u00e1r 22.<\/strong><br>\u201eA probl\u00e9m\u00e1k lehet\u0151s\u00e9geket rejtenek. N\u00e9zz r\u00e1juk \u00fagy, mint a fejl\u0151d\u00e9s eszk\u00f6zeire!\u201d<\/p>\n\n\n\n<p><strong>Febru\u00e1r 23.<\/strong><br>\u201eAz igazi b\u00e1tors\u00e1g az, ha akkor is cselekszel, amikor bizonytalan vagy.\u201d<\/p>\n\n\n\n<p><strong>Febru\u00e1r 24.<\/strong><br>\u201eA legfontosabb l\u00e9p\u00e9s mindig az els\u0151. Ne halogass, kezdj bele m\u00e9g ma!\u201d<\/p>\n\n\n\n<p><strong>Febru\u00e1r 25.<\/strong><br>\u201eAz id\u0151 m\u00falik, de az \u00e1lmaid mindig v\u00e1rnak r\u00e1d. Tedd meg az els\u0151 l\u00e9p\u00e9st fel\u00e9j\u00fck!\u201d<\/p>\n\n\n\n<p><strong>Febru\u00e1r 26.<\/strong><br>\u201eAz \u00e9let kaland, amely csak r\u00e1d v\u00e1r. Merj beleugrani, \u00e9s \u00e9lvezd minden pillanat\u00e1t!\u201d<\/p>\n\n\n\n<p><strong>Febru\u00e1r 27.<\/strong><br>\u201eA siker titka az, hogy sosem adod fel, b\u00e1rmilyen neh\u00e9z is legyen az \u00fat.\u201d<\/p>\n\n\n\n<p><strong>Febru\u00e1r 28.<\/strong><br>\u201eMinden nap \u00faj es\u00e9ly arra, hogy jobb emberr\u00e9 v\u00e1lj. Fogadd el, \u00e9s \u00e9lj vele teljes sz\u00edvvel!\u201d<\/p>\n\n\n\n<p><strong>Febru\u00e1r 29. (sz\u00f6k\u0151\u00e9v)<\/strong><br>\u201eEgy extra nap egy extra es\u00e9ly arra, hogy valami k\u00fcl\u00f6nlegeset hozz ki az \u00e9letedb\u0151l. Haszn\u00e1ld ki ezt a ritka alkalmat, hogy valami igaz\u00e1n nagyszer\u0171t alkoss!\u201d<\/p>\n\n\n\n<div style=\"height:100px\" aria-hidden=\"true\" class=\"wp-block-spacer\"><\/div>\n\n\n\n<figure class=\"wp-block-embed is-type-wp-embed is-provider-coachlab-coaching-szolg-ltat-sok-vezet-fejleszt-s-executive-coaching-tan-csad-s-coachlab-hu wp-block-embed-coachlab-coaching-szolg-ltat-sok-vezet-fejleszt-s-executive-coaching-tan-csad-s-coachlab-hu\"><div class=\"wp-block-embed__wrapper\">\n<blockquote class=\"wp-embedded-content\" data-secret=\"pskxIha4fI\"><a href=\"https:\/\/coachlab.hu\/motivacios-coaching\/\">Motiv\u00e1ci\u00f3s Coaching<\/a><\/blockquote><iframe class=\"wp-embedded-content\" sandbox=\"allow-scripts\" security=\"restricted\" style=\"position: absolute; visibility: hidden;\" title=\"&#8220;Motiv\u00e1ci\u00f3s Coaching&#8221; &#8212; CoachLab Coaching Szolg\u00e1ltat\u00e1sok | Vezet\u0151fejleszt\u00e9s | Executive Coaching | Tan\u00e1csad\u00e1s | CoachLab.hu\" src=\"https:\/\/coachlab.hu\/motivacios-coaching\/embed\/#?secret=LsjTtM4Tn5#?secret=pskxIha4fI\" data-secret=\"pskxIha4fI\" width=\"600\" height=\"338\" frameborder=\"0\" marginwidth=\"0\" marginheight=\"0\" scrolling=\"no\"><\/iframe>\n<\/div><\/figure>\n\n\n\n<div class=\"wp-block-group is-layout-constrained wp-block-group-is-layout-constrained\">\n<div style=\"height:100px\" aria-hidden=\"true\" class=\"wp-block-spacer\"><\/div>\n\n\n\n<div class=\"wp-block-buttons is-content-justification-center is-layout-flex wp-container-core-buttons-is-layout-16018d1d wp-block-buttons-is-layout-flex\">\n<div class=\"wp-block-button\"><a class=\"wp-block-button__link has-pale-cyan-blue-background-color has-background has-medium-font-size has-custom-font-size wp-element-button\" href=\"#email\"><strong>K\u00e9rj id\u0151pontot most!<\/strong><\/a><\/div>\n<\/div>\n\n\n\n<div style=\"height:100px\" aria-hidden=\"true\" class=\"wp-block-spacer\"><\/div>\n<\/div>\n\n\n\n<h3 class=\"wp-block-heading\" id=\"marcius-1-31-motivacios-idezetek\">M\u00e1rcius 1. \u2013 31. Motiv\u00e1ci\u00f3s Id\u00e9zetek &#8211; m\u00e1rciusi id\u00e9zetek<\/h3>\n\n\n\n<p><strong>M\u00e1rcius 1.<\/strong><br>\u201eAz \u00faj h\u00f3nap \u00faj kezdetet jelent. T\u00f6ltsd meg napjaidat c\u00e9lokkal \u00e9s pozit\u00edv energi\u00e1val!\u201d<\/p>\n\n\n\n<p><strong>M\u00e1rcius 2.<\/strong><br>\u201eAhogy a tavasz k\u00f6zeledik, eml\u00e9kezz arra, hogy a meg\u00fajul\u00e1s mindig lehets\u00e9ges. L\u00e9pj el\u0151re b\u00e1tran!\u201d<\/p>\n\n\n\n<p><strong>M\u00e1rcius 3.<\/strong><br>\u201eAz \u00e9let legszebb pillanatai azok, amelyeket szenved\u00e9llyel \u00e9s c\u00e9ltudatosan \u00e9lsz meg.\u201d<\/p>\n\n\n\n<p><strong>M\u00e1rcius 4.<\/strong><br>\u201eA sikerhez nem csak \u00e1lmodozni kell, hanem minden nap tenni \u00e9rte valamit.\u201d<\/p>\n\n\n\n<p><strong>M\u00e1rcius 5.<\/strong><br>\u201eA boldogs\u00e1g akkor \u00e9rkezik, amikor meg\u00e1llsz, \u00e9s \u00e9rt\u00e9keled, amid van. Legy\u00e9l h\u00e1l\u00e1s a jelen\u00e9rt!\u201d<\/p>\n\n\n\n<p><strong>M\u00e1rcius 6.<\/strong><br>\u201eNe f\u00e9lj att\u00f3l, hogy lassan haladsz. A l\u00e9nyeg az, hogy mindig mozg\u00e1sban maradj.\u201d<\/p>\n\n\n\n<p><strong>M\u00e1rcius 7.<\/strong><br>\u201eA v\u00e1ltoz\u00e1s mindig bel\u00fclr\u0151l indul. Kezdj el ma \u00fagy gondolkodni, mint a holnap sikeres embere!\u201d<\/p>\n\n\n\n<p><strong>M\u00e1rcius 8.<\/strong><br>\u201eMinden nap egy \u00fajabb lehet\u0151s\u00e9g, hogy a legjobb verzi\u00f3dd\u00e1 v\u00e1lj. Ne hagyd ki!\u201d<\/p>\n\n\n\n<p><strong>M\u00e1rcius 9.<\/strong><br>\u201eAz er\u0151 ott rejlik benned, hogy szemben\u00e9zz b\u00e1rmilyen kih\u00edv\u00e1ssal. B\u00edzz magadban!\u201d<\/p>\n\n\n\n<p><strong>M\u00e1rcius 10.<\/strong><br>\u201eA fejl\u0151d\u00e9shez n\u00e9ha kil\u00e9pni kell a komfortz\u00f3n\u00e1db\u00f3l. Az igazi kaland ott kezd\u0151dik!\u201d<\/p>\n\n\n\n<p><strong>M\u00e1rcius 11.<\/strong><br>\u201eNe csak \u00e1lmodozz, tervezz is! A tervez\u00e9s az \u00e1lmaid megval\u00f3s\u00edt\u00e1s\u00e1nak els\u0151 l\u00e9p\u00e9se.\u201d<\/p>\n\n\n\n<p><strong>M\u00e1rcius 12.<\/strong><br>\u201eA boldogs\u00e1g nem c\u00e9l, hanem az \u00fat maga. \u00c9lvezd a mindennapokat!\u201d<\/p>\n\n\n\n<p><strong>M\u00e1rcius 13.<\/strong><br>\u201eA t\u00fcrelem \u00e9s a kitart\u00e1s a siker k\u00e9t legfontosabb pill\u00e9re. L\u00e9gy k\u00f6vetkezetes!\u201d<\/p>\n\n\n\n<p><strong>M\u00e1rcius 14.<\/strong><br>\u201eAz \u00e9let sz\u00e9ps\u00e9ge az apr\u00f3 pillanatokban rejlik. Ne hagyd, hogy elsuhanjanak melletted!\u201d<\/p>\n\n\n\n<p><strong>M\u00e1rcius 15.<\/strong><br>\u201eAz id\u0151 m\u00falik, de te d\u00f6nt\u00f6d el, hogyan haszn\u00e1lod. Tedd eml\u00e9kezetess\u00e9 a mai napot!\u201d<\/p>\n\n\n\n<p><strong>M\u00e1rcius 16.<\/strong><br>\u201eA tavasz elhozza a meg\u00fajul\u00e1st. Kezdj el dolgozni azon, hogy \u00f6nmagad legjobb verzi\u00f3ja l\u00e9gy!\u201d<\/p>\n\n\n\n<p><strong>M\u00e1rcius 17.<\/strong><br>\u201eAz igazi siker nem a c\u00e9l el\u00e9r\u00e9se, hanem az utaz\u00e1s, amely sor\u00e1n megval\u00f3s\u00edtod \u00e1lmaidat.\u201d<\/p>\n\n\n\n<p><strong>M\u00e1rcius 18.<\/strong><br>\u201eNe f\u00e9lj a kudarct\u00f3l, mert az minden siker alapja. A hib\u00e1kb\u00f3l tanulsz a legt\u00f6bbet!\u201d<\/p>\n\n\n\n<p><strong>M\u00e1rcius 19.<\/strong><br>\u201eAz \u00e9let mindig ad m\u00e1sodik es\u00e9lyt. A neve: holnap. De mi\u00e9rt ne kezden\u00e9d el m\u00e1r ma?\u201d<\/p>\n\n\n\n<p><strong>M\u00e1rcius 20.<\/strong><br>\u201eAz \u00e9let olyan, mint a tavaszi sz\u00e9l: n\u00e9ha kisz\u00e1m\u00edthatatlan, de mindig friss\u00edt\u0151.\u201d<\/p>\n\n\n\n<p><strong>M\u00e1rcius 21.<\/strong><br>\u201eAz apr\u00f3 sikerek vezetnek a nagy eredm\u00e9nyekhez. \u00dcnnepeld minden el\u0151rel\u00e9p\u00e9sedet!\u201d<\/p>\n\n\n\n<p><strong>M\u00e1rcius 22.<\/strong><br>\u201eAz \u00e1lmaid val\u00f3ra v\u00e1lhatnak, ha hajland\u00f3 vagy dolgozni \u00e9rt\u00fck. Tarts ki!\u201d<\/p>\n\n\n\n<p><strong>M\u00e1rcius 23.<\/strong><br>\u201eA boldogs\u00e1g nem m\u00e1s, mint a gondolkod\u00e1sm\u00f3dod eredm\u00e9nye. V\u00e1laszd a pozitivit\u00e1st!\u201d<\/p>\n\n\n\n<p><strong>M\u00e1rcius 24.<\/strong><br>\u201eA vil\u00e1g v\u00e1ltozik, de te d\u00f6nt\u00f6d el, hogyan alkalmazkodsz hozz\u00e1. L\u00e9gy rugalmas \u00e9s kreat\u00edv!\u201d<\/p>\n\n\n\n<p><strong>M\u00e1rcius 25.<\/strong><br>\u201eAz \u00e9let r\u00f6vid, ez\u00e9rt \u00e9lj \u00fagy, hogy ne legyenek megb\u00e1n\u00e1said. Tedd meg, amit igaz\u00e1n szeretn\u00e9l!\u201d<\/p>\n\n\n\n<p><strong>M\u00e1rcius 26.<\/strong><br>\u201eA tavasz arra eml\u00e9keztet, hogy mindig van es\u00e9ly az \u00fajrakezd\u00e9sre. Fogadd be a v\u00e1ltoz\u00e1st!\u201d<\/p>\n\n\n\n<p><strong>M\u00e1rcius 27.<\/strong><br>\u201eA legfontosabb dolog az \u00e9letben, hogy legyen c\u00e9lod. Az \u00e1lmok c\u00e9lokk\u00e1 v\u00e1lnak, ha l\u00e9p\u00e9seket teszel \u00e9rt\u00fck.\u201d<\/p>\n\n\n\n<p><strong>M\u00e1rcius 28.<\/strong><br>\u201eA boldogs\u00e1g titka egyszer\u0171: szeresd, amit csin\u00e1lsz, \u00e9s csin\u00e1ld, amit szeretsz.\u201d<\/p>\n\n\n\n<p><strong>M\u00e1rcius 29.<\/strong><br>\u201eNe f\u00e9lj nagyot \u00e1lmodni. A legmer\u00e9szebb \u00e1lmaid val\u00f3ra v\u00e1lhatnak, ha hiszel benn\u00fck!\u201d<\/p>\n\n\n\n<p><strong>M\u00e1rcius 30.<\/strong><br>\u201eAz \u00e9let nem mindig k\u00f6nny\u0171, de a neh\u00e9zs\u00e9gek form\u00e1lnak er\u0151sebb\u00e9. K\u00fczdj tov\u00e1bb!\u201d<\/p>\n\n\n\n<p><strong>M\u00e1rcius 31.<\/strong><br>\u201eA tavasz \u00faj lehet\u0151s\u00e9geket hoz. Nyisd ki az ajt\u00f3t, \u00e9s fogadd be az \u00e9letedbe a friss kezdetet!\u201d<\/p>\n\n\n\n<div style=\"height:100px\" aria-hidden=\"true\" class=\"wp-block-spacer\"><\/div>\n\n\n\n<div class=\"wp-block-buttons is-content-justification-center is-layout-flex wp-container-core-buttons-is-layout-16018d1d wp-block-buttons-is-layout-flex\">\n<div class=\"wp-block-button\"><a class=\"wp-block-button__link has-pale-cyan-blue-background-color has-background has-medium-font-size has-custom-font-size wp-element-button\" href=\"#email\"><strong>Fedezd fel, mire vagy k\u00e9pes!<\/strong><\/a><\/div>\n<\/div>\n\n\n\n<div style=\"height:100px\" aria-hidden=\"true\" class=\"wp-block-spacer\"><\/div>\n\n\n\n<h3 class=\"wp-block-heading\" id=\"aprilis-1-30-motivacios-idezetek\">\u00c1prilis 1. \u2013 30. Motiv\u00e1ci\u00f3s Id\u00e9zetek &#8211; \u00e1prilisi motiv\u00e1l\u00f3 id\u00e9zetek<\/h3>\n\n\n\n<p><strong>\u00c1prilis 1.<\/strong><br>\u201eNe f\u00e9lj mosolyogni, m\u00e9g akkor sem, ha m\u00e1sok \u00e1prilisi tr\u00e9f\u00e1t \u0171znek veled. A nevet\u00e9s a legjobb energiaforr\u00e1s!\u201d<\/p>\n\n\n\n<p><strong>\u00c1prilis 2.<\/strong><br>\u201eAhogy az \u00e1prilisi es\u0151 \u00e9letet lehel a f\u00f6ldbe, \u00fagy a kitart\u00e1s \u00e9s a munka \u00e9letet lehel az \u00e1lmaidba.\u201d<\/p>\n\n\n\n<p><strong>\u00c1prilis 3.<\/strong><br>\u201eAz \u00e9letben a v\u00e1ltoz\u00e1s \u00e1lland\u00f3, de a hozz\u00e1\u00e1ll\u00e1sod hat\u00e1rozza meg, hogyan reag\u00e1lsz r\u00e1. Maradj pozit\u00edv!\u201d<\/p>\n\n\n\n<p><strong>\u00c1prilis 4.<\/strong><br>\u201eA nap nem kell, hogy t\u00f6k\u00e9letes legyen ahhoz, hogy \u00e9lvezd. Tal\u00e1ld meg az \u00f6r\u00f6m\u00f6t minden pillanatban!\u201d<\/p>\n\n\n\n<p><strong>\u00c1prilis 5.<\/strong><br>\u201eNe f\u00e9lj elengedni a m\u00faltat. Az \u00faj lehet\u0151s\u00e9gek az ajt\u00f3d el\u0151tt v\u00e1rnak, csak nyisd ki azt!\u201d<\/p>\n\n\n\n<p><strong>\u00c1prilis 6.<\/strong><br>\u201eMinden nap egy \u00faj kezdet. Kezdd frissen, \u00e9s tedd a lehet\u0151 legjobb\u00e1!\u201d<\/p>\n\n\n\n<p><strong>\u00c1prilis 7.<\/strong><br>\u201eA siker nem mindig hangos, de mindig kitart\u00f3. L\u00e9pj apr\u00f3 l\u00e9p\u00e9sekkel, \u00e9s haladj el\u0151re!\u201d<\/p>\n\n\n\n<p><strong>\u00c1prilis 8.<\/strong><br>\u201eAhogy a tavaszi napf\u00e9ny ragyog, \u00fagy ragyoghat a bels\u0151 f\u00e9nyed is. Ne rejtsd el!\u201d<\/p>\n\n\n\n<p><strong>\u00c1prilis 9.<\/strong><br>\u201eNe v\u00e1rj a t\u00f6k\u00e9letes pillanatra. Tedd t\u00f6k\u00e9letess\u00e9 azt a pillanatot, amiben vagy!\u201d<\/p>\n\n\n\n<p><strong>\u00c1prilis 10.<\/strong><br>\u201eAz igazi er\u0151 a bels\u0151 nyugalomb\u00f3l fakad. Tal\u00e1ld meg a b\u00e9k\u00e9t \u00f6nmagadban, \u00e9s minden k\u00f6nnyebb lesz.\u201d<\/p>\n\n\n\n<p><strong>\u00c1prilis 11.<\/strong><br>\u201eA neh\u00e9zs\u00e9gek nem gyeng\u00edtenek, hanem meger\u0151s\u00edtenek. B\u00edzz az utadban!\u201d<\/p>\n\n\n\n<p><strong>\u00c1prilis 12.<\/strong><br>\u201eAhogy a tavasz meg\u00fajul\u00e1st hoz a term\u00e9szetben, \u00fagy hozhat \u00faj lend\u00fcletet az \u00e9letedbe is.\u201d<\/p>\n\n\n\n<p><strong>\u00c1prilis 13.<\/strong><br>\u201eA vil\u00e1g tele van csod\u00e1kkal. Nyisd ki a szemed, \u00e9s tal\u00e1ld meg \u0151ket a mindennapjaidban!\u201d<\/p>\n\n\n\n<p><strong>\u00c1prilis 14.<\/strong><br>\u201eNe feledd, hogy minden vir\u00e1g a maga idej\u00e9ben ny\u00edlik. Adj magadnak id\u0151t a fejl\u0151d\u00e9shez.\u201d<\/p>\n\n\n\n<p><strong>\u00c1prilis 15.<\/strong><br>\u201eA m\u00faltad nem hat\u00e1roz meg t\u00e9ged. Te hat\u00e1rozod meg, hogy mihez kezdesz a jeleneddel.\u201d<\/p>\n\n\n\n<p><strong>\u00c1prilis 16.<\/strong><br>\u201eAz igazi boldogs\u00e1g a h\u00e1l\u00e1b\u00f3l fakad. K\u00f6sz\u00f6nj meg minden apr\u00f3 dolgot, amit az \u00e9let ad!\u201d<\/p>\n\n\n\n<p><strong>\u00c1prilis 17.<\/strong><br>\u201eA c\u00e9ljaid el\u00e9r\u00e9se nem sprint, hanem maraton. L\u00e9gy kitart\u00f3, \u00e9s ne add fel!\u201d<\/p>\n\n\n\n<p><strong>\u00c1prilis 18.<\/strong><br>\u201eA tavaszi szell\u0151 eml\u00e9keztet arra, hogy az \u00e9let mindig mozg\u00e1sban van. Engedd, hogy sodorjon!\u201d<\/p>\n\n\n\n<p><strong>\u00c1prilis 19.<\/strong><br>\u201eA legnagyobb sikerek a legkisebb l\u00e9p\u00e9sekb\u0151l sz\u00fcletnek. Tedd meg ma az els\u0151t!\u201d<\/p>\n\n\n\n<p><strong>\u00c1prilis 20.<\/strong><br>\u201eA boldogs\u00e1g nem az, hogy minden t\u00f6k\u00e9letes. A boldogs\u00e1g az, hogy megtal\u00e1lod a j\u00f3t a t\u00f6k\u00e9letlenben.\u201d<\/p>\n\n\n\n<p><strong>\u00c1prilis 21.<\/strong><br>\u201eAz \u00e1lmok akkor v\u00e1lnak val\u00f3ra, amikor hiszel magadban. Higgy, \u00e9s cselekedj!\u201d<\/p>\n\n\n\n<p><strong>\u00c1prilis 22.<\/strong><br>\u201eAhogy a term\u00e9szet fel\u00e9led, \u00fagy \u00e9bredhet fel benned is az \u00faj lehet\u0151s\u00e9gek ir\u00e1nti v\u00e1gy.\u201d<\/p>\n\n\n\n<p><strong>\u00c1prilis 23.<\/strong><br>\u201eNe hagyd, hogy a m\u00falt hib\u00e1i akad\u00e1lyozzanak. Tanulj bel\u0151l\u00fck, \u00e9s l\u00e9pj tov\u00e1bb!\u201d<\/p>\n\n\n\n<p><strong>\u00c1prilis 24.<\/strong><br>\u201eAz \u00e9let tele van sz\u00e9ps\u00e9ggel, csak lass\u00edts, \u00e9s n\u00e9zd meg k\u00f6zelebbr\u0151l.\u201d<\/p>\n\n\n\n<p><strong>\u00c1prilis 25.<\/strong><br>\u201eA napf\u00e9ny a mosolyodban kezd\u0151dik. Tedd ragyog\u00f3v\u00e1 a vil\u00e1got magad k\u00f6r\u00fcl!\u201d<\/p>\n\n\n\n<p><strong>\u00c1prilis 26.<\/strong><br>\u201eA siker nem v\u00e9letlen. Az er\u0151fesz\u00edt\u00e9s \u00e9s az elk\u00f6telezetts\u00e9g hozza meg a gy\u00fcm\u00f6lcs\u00e9t.\u201d<\/p>\n\n\n\n<p><strong>\u00c1prilis 27.<\/strong><br>\u201eAz \u00e1lmaid mindig nagyobbak, mint a f\u00e9lelmeid. K\u00f6vesd az \u00e1lmaidat, b\u00e1rmilyen ijeszt\u0151nek is t\u0171njenek!\u201d<\/p>\n\n\n\n<p><strong>\u00c1prilis 28.<\/strong><br>\u201eAz \u00e9let apr\u00f3 \u00f6r\u00f6m\u00f6kkel van tele. Figyelj, \u00e9s vedd \u00e9szre \u0151ket minden nap!\u201d<\/p>\n\n\n\n<p><strong>\u00c1prilis 29.<\/strong><br>\u201eAhogy a tavaszi es\u0151 tiszt\u00edtja a leveg\u0151t, \u00fagy tiszt\u00edthatod meg a gondolataidat is. Koncentr\u00e1lj a l\u00e9nyegre!\u201d<\/p>\n\n\n\n<p><strong>\u00c1prilis 30.<\/strong><br>\u201eA h\u00f3nap v\u00e9g\u00e9n n\u00e9zz vissza, \u00e9s \u00e9rt\u00e9keld a halad\u00e1sodat. \u00dcnnepeld a sikereidet, b\u00e1rmilyenek is legyenek!\u201d<\/p>\n\n\n\n<div style=\"height:100px\" aria-hidden=\"true\" class=\"wp-block-spacer\"><\/div>\n\n\n\n<figure class=\"wp-block-embed is-type-wp-embed is-provider-coachlab-coaching-szolg-ltat-sok-vezet-fejleszt-s-executive-coaching-tan-csad-s-coachlab-hu wp-block-embed-coachlab-coaching-szolg-ltat-sok-vezet-fejleszt-s-executive-coaching-tan-csad-s-coachlab-hu\"><div class=\"wp-block-embed__wrapper\">\n<blockquote class=\"wp-embedded-content\" data-secret=\"DQpK4TQMSD\"><a href=\"https:\/\/coachlab.hu\/blog\/a-vilag-legjobb-motivacios-idezetei-coachlab\/\">A vil\u00e1g legjobb motiv\u00e1ci\u00f3s id\u00e9zetei<\/a><\/blockquote><iframe class=\"wp-embedded-content\" sandbox=\"allow-scripts\" security=\"restricted\" style=\"position: absolute; visibility: hidden;\" title=\"&#8220;A vil\u00e1g legjobb motiv\u00e1ci\u00f3s id\u00e9zetei&#8221; &#8212; CoachLab Coaching Szolg\u00e1ltat\u00e1sok | Vezet\u0151fejleszt\u00e9s | Executive Coaching | Tan\u00e1csad\u00e1s | CoachLab.hu\" src=\"https:\/\/coachlab.hu\/blog\/a-vilag-legjobb-motivacios-idezetei-coachlab\/embed\/#?secret=3Z0BJnAgY8#?secret=DQpK4TQMSD\" data-secret=\"DQpK4TQMSD\" width=\"600\" height=\"338\" frameborder=\"0\" marginwidth=\"0\" marginheight=\"0\" scrolling=\"no\"><\/iframe>\n<\/div><\/figure>\n\n\n\n<div style=\"height:100px\" aria-hidden=\"true\" class=\"wp-block-spacer\"><\/div>\n\n\n\n<div class=\"wp-block-buttons is-content-justification-center is-layout-flex wp-container-core-buttons-is-layout-16018d1d wp-block-buttons-is-layout-flex\">\n<div class=\"wp-block-button\"><a class=\"wp-block-button__link has-pale-cyan-blue-background-color has-background has-medium-font-size has-custom-font-size wp-element-button\" href=\"#email\"><strong>Ind\u00edtsd el a v\u00e1ltoz\u00e1st!<\/strong><\/a><\/div>\n<\/div>\n\n\n\n<div style=\"height:100px\" aria-hidden=\"true\" class=\"wp-block-spacer\"><\/div>\n\n\n\n<h3 class=\"wp-block-heading\" id=\"majus-1-31-motivacios-idezetek\">M\u00e1jus 1. \u2013 31. <a href=\"https:\/\/coachlab.hu\/?s=motiv%C3%A1ci%C3%B3&amp;et_pb_searchform_submit=et_search_proccess&amp;et_pb_include_posts=yes&amp;et_pb_include_pages=yes\" target=\"_blank\" rel=\"noreferrer noopener nofollow\">Motiv\u00e1ci\u00f3s Id\u00e9zetek<\/a><\/h3>\n\n\n\n<p><strong>M\u00e1jus 1.<\/strong><br>\u201eAhogy m\u00e1jus elhozza a vir\u00e1gokat, \u00fagy hozhatod el az \u00e9letedbe a n\u00f6veked\u00e9st \u00e9s a sz\u00e9ps\u00e9get.\u201d<\/p>\n\n\n\n<p><strong>M\u00e1jus 2.<\/strong><br>\u201eA term\u00e9szet csod\u00e1i inspir\u00e1lnak arra, hogy te is vir\u00e1gozz a saj\u00e1t utadon. B\u00edzz magadban!\u201d<\/p>\n\n\n\n<p><strong>M\u00e1jus 3.<\/strong><br>\u201eA boldogs\u00e1g nem m\u00e1s, mint a jelen pillanat teljes meg\u00e9l\u00e9se. L\u00e9gy jelen, \u00e9s \u00e9lvezd a m\u00e1just!\u201d<\/p>\n\n\n\n<p><strong>M\u00e1jus 4.<\/strong><br>\u201eAhogy a f\u00e1k gy\u00f6kerei m\u00e9lyre ny\u00falnak, \u00fagy neked is sz\u00fcks\u00e9ged van stabil alapokra az \u00e1lmaid el\u00e9r\u00e9s\u00e9hez.\u201d<\/p>\n\n\n\n<p><strong>M\u00e1jus 5.<\/strong><br>\u201eMinden nap \u00faj lehet\u0151s\u00e9get hoz. Kezdd a mai napot pozit\u00edv hozz\u00e1\u00e1ll\u00e1ssal!\u201d<\/p>\n\n\n\n<p><strong>M\u00e1jus 6.<\/strong><br>\u201eAz \u00e9let sz\u00e9ps\u00e9ge az egyszer\u0171 pillanatokban rejlik. Ne hagyd, hogy elillanjanak melletted!\u201d<\/p>\n\n\n\n<p><strong>M\u00e1jus 7.<\/strong><br>\u201eA c\u00e9ljaid el\u00e9r\u00e9se olyan, mint egy kert gondoz\u00e1sa: t\u00fcrelemre \u00e9s odaad\u00e1sra van sz\u00fcks\u00e9g.\u201d<\/p>\n\n\n\n<p><strong>M\u00e1jus 8.<\/strong><br>\u201eAz \u00f6nmagadba vetett hit a siker kulcsa. B\u00edzz az er\u0151dben, \u00e9s haladj el\u0151re!\u201d<\/p>\n\n\n\n<p><strong>M\u00e1jus 9.<\/strong><br>\u201eAhogy a tavaszi es\u0151 friss\u00edti a f\u00f6ldet, \u00fagy a h\u00e1la \u00e9s az elfogad\u00e1s friss\u00edti a lelkedet.\u201d<\/p>\n\n\n\n<p><strong>M\u00e1jus 10.<\/strong><br>\u201eA legkisebb l\u00e9p\u00e9sek is k\u00f6zelebb visznek a nagy c\u00e9ljaidhoz. Kezdd el ma!\u201d<\/p>\n\n\n\n<p><strong>M\u00e1jus 11.<\/strong><br>\u201eAz \u00faj lehet\u0151s\u00e9gek mindig ott vannak el\u0151tted. Nyisd ki a szemed, \u00e9s vedd \u00e9szre \u0151ket!\u201d<\/p>\n\n\n\n<p><strong>M\u00e1jus 12.<\/strong><br>\u201eA bels\u0151 b\u00e9ke az er\u0151 forr\u00e1sa. Tal\u00e1ld meg a nyugalmat magadban, \u00e9s minden k\u00f6nnyebb lesz.\u201d<\/p>\n\n\n\n<p><strong>M\u00e1jus 13.<\/strong><br>\u201eAhogy a nap s\u00fct m\u00e1jusban, \u00fagy ragyoghat a bels\u0151 f\u00e9nyed is. Mutasd meg magad a vil\u00e1gnak!\u201d<\/p>\n\n\n\n<p><strong>M\u00e1jus 14.<\/strong><br>\u201eAz \u00e9leted olyan, mint egy \u00fcres v\u00e1szon. Minden nap egy \u00faj ecsetvon\u00e1s. Tedd sz\u00edness\u00e9 a k\u00e9pedet!\u201d<\/p>\n\n\n\n<p><strong>M\u00e1jus 15.<\/strong><br>\u201eNe feledd, hogy minden neh\u00e9zs\u00e9g egy \u00faj lehet\u0151s\u00e9get rejt mag\u00e1ban. L\u00e1sd meg a j\u00f3t a kih\u00edv\u00e1sokban!\u201d<\/p>\n\n\n\n<p><strong>M\u00e1jus 16.<\/strong><br>\u201eA vil\u00e1g tele van sz\u00e9ps\u00e9ggel, csak meg kell \u00e1llni, \u00e9s \u00e9szrevenni. Engedd, hogy a term\u00e9szet inspir\u00e1ljon!\u201d<\/p>\n\n\n\n<p><strong>M\u00e1jus 17.<\/strong><br>\u201eAz \u00e1lmaidat val\u00f3ra v\u00e1ltani nem mindig k\u00f6nny\u0171, de mindig meg\u00e9ri. L\u00e9gy kitart\u00f3!\u201d<\/p>\n\n\n\n<p><strong>M\u00e1jus 18.<\/strong><br>\u201eAhogy a m\u00e1jusi nap megmeleg\u00edti a f\u00f6ldet, \u00fagy meleg\u00edtheti meg a sz\u00edvedet a szeretet \u00e9s a h\u00e1la.\u201d<\/p>\n\n\n\n<p><strong>M\u00e1jus 19.<\/strong><br>\u201eA v\u00e1ltoz\u00e1s a n\u00f6veked\u00e9s r\u00e9sze. Fogadd el, \u00e9s tedd jobb\u00e1 az \u00e9leted minden nap!\u201d<\/p>\n\n\n\n<p><strong>M\u00e1jus 20.<\/strong><br>\u201eA legnagyobb utaz\u00e1sok is egyetlen l\u00e9p\u00e9ssel kezd\u0151dnek. Tedd meg az els\u0151 l\u00e9p\u00e9st m\u00e9g ma!\u201d<\/p>\n\n\n\n<p><strong>M\u00e1jus 21.<\/strong><br>\u201eA siker nem az, hogy mindent megnyersz, hanem hogy soha nem adod fel. Haladj tov\u00e1bb!\u201d<\/p>\n\n\n\n<p><strong>M\u00e1jus 22.<\/strong><br>\u201eAz \u00e9let tele van lehet\u0151s\u00e9gekkel, csak b\u00e1tors\u00e1g kell hozz\u00e1juk. Merj \u00e1lmodni nagyot!\u201d<\/p>\n\n\n\n<p><strong>M\u00e1jus 23.<\/strong><br>\u201eA h\u00e1la a boldogs\u00e1g kulcsa. Minden nap tal\u00e1lj valamit, ami\u00e9rt h\u00e1l\u00e1s lehetsz!\u201d<\/p>\n\n\n\n<p><strong>M\u00e1jus 24.<\/strong><br>\u201eA term\u00e9szet egyszer\u0171s\u00e9ge \u00e9s sz\u00e9ps\u00e9ge inspir\u00e1ci\u00f3t adhat az \u00e9let bonyolults\u00e1g\u00e1ban. Mer\u00edts bel\u0151le er\u0151t!\u201d<\/p>\n\n\n\n<p><strong>M\u00e1jus 25.<\/strong><br>\u201eAhogy a vir\u00e1gok egym\u00e1s mellett n\u00f6vekednek, \u00fagy seg\u00edthetj\u00fck mi is egym\u00e1st a fejl\u0151d\u00e9sben.\u201d<\/p>\n\n\n\n<p><strong>M\u00e1jus 26.<\/strong><br>\u201eAz \u00e9letben a legnagyobb kincs a szeretet. Oszd meg m\u00e1sokkal, \u00e9s gyarap\u00edtsd!\u201d<\/p>\n\n\n\n<p><strong>M\u00e1jus 27.<\/strong><br>\u201eNe v\u00e1rj a t\u00f6k\u00e9letes pillanatra, tedd t\u00f6k\u00e9letess\u00e9 azt a pillanatot, amiben vagy.\u201d<\/p>\n\n\n\n<p><strong>M\u00e1jus 28.<\/strong><br>\u201eA bels\u0151 b\u00e9ke nem a vil\u00e1g csendj\u00e9b\u0151l, hanem a saj\u00e1t sz\u00edved nyugalm\u00e1b\u00f3l fakad.\u201d<\/p>\n\n\n\n<p><strong>M\u00e1jus 29.<\/strong><br>\u201eA nap v\u00e9g\u00e9n nem az sz\u00e1m\u00edt, hogy mit \u00e9rt\u00e9l el, hanem hogy mennyire volt\u00e1l boldog.\u201d<\/p>\n\n\n\n<p><strong>M\u00e1jus 30.<\/strong><br>\u201eAhogy a naplemente minden este \u00faj sz\u00ednekkel festi meg az eget, \u00fagy te is meg\u00fajulhatsz minden nap.\u201d<\/p>\n\n\n\n<p><strong>M\u00e1jus 31.<\/strong><br>\u201eA h\u00f3nap v\u00e9g\u00e9n tekints vissza, \u00e9s \u00fcnnepeld a halad\u00e1sodat. Minden l\u00e9p\u00e9s sz\u00e1m\u00edt!\u201d<\/p>\n\n\n\n<div style=\"height:100px\" aria-hidden=\"true\" class=\"wp-block-spacer\"><\/div>\n\n\n\n<h2 class=\"wp-block-heading\" id=\"minden-a-motivacio-temakorebbol\">Minden a motiv\u00e1ci\u00f3 t\u00e9mak\u00f6r\u00e9b\u0151l:<\/h2>\n\n\n\n<p class=\"has-medium-font-size\"><a href=\"https:\/\/coachlab.hu\/blog\/category\/coaching\/motivacio\" target=\"_blank\" rel=\"noreferrer noopener nofollow\">https:\/\/coachlab.hu\/blog\/category\/coaching\/motivacio<\/a><\/p>\n\n\n\n<div style=\"height:100px\" aria-hidden=\"true\" class=\"wp-block-spacer\"><\/div>\n\n\n\n<div class=\"wp-block-buttons is-content-justification-center is-layout-flex wp-container-core-buttons-is-layout-16018d1d wp-block-buttons-is-layout-flex\">\n<div class=\"wp-block-button\"><a class=\"wp-block-button__link has-pale-cyan-blue-background-color has-background has-medium-font-size has-custom-font-size wp-element-button\" href=\"#email\"><strong>Val\u00f3s\u00edtsd meg \u00e1lmaidat!<\/strong><\/a><\/div>\n<\/div>\n\n\n\n<div style=\"height:100px\" aria-hidden=\"true\" class=\"wp-block-spacer\"><\/div>\n\n\n\n<h3 class=\"wp-block-heading\" id=\"junius-1-30-motivacios-idezetek\">J\u00fanius 1. \u2013 30. Motiv\u00e1ci\u00f3s Id\u00e9zetek<\/h3>\n\n\n\n<p><strong>J\u00fanius 1.<\/strong><br>\u201eAhogy a ny\u00e1r bek\u00f6sz\u00f6nt, \u00fagy \u00e9breszd fel magadban az \u00e9let\u00f6r\u00f6m\u00f6t \u00e9s az \u00faj kezdetek ir\u00e1nti lelkesed\u00e9st!\u201d<\/p>\n\n\n\n<p><strong>J\u00fanius 2.<\/strong><br>\u201eA meleg napsugarak eml\u00e9keztetnek arra, hogy a legnehezebb id\u0151k ut\u00e1n mindig felragyog a f\u00e9ny.\u201d<\/p>\n\n\n\n<p><strong>J\u00fanius 3.<\/strong><br>\u201eA ny\u00e1r az \u00e1lmok val\u00f3ra v\u00e1lt\u00e1s\u00e1nak ideje. Ragadd meg az energi\u00e1t, \u00e9s val\u00f3s\u00edtsd meg a terveidet!\u201d<\/p>\n\n\n\n<p><strong>J\u00fanius 4.<\/strong><br>\u201eAhogy a tenger hull\u00e1mai sosem \u00e1llnak meg, \u00fagy te is folyamatosan fejl\u0151dhetsz \u00e9s tanulhatsz.\u201d<\/p>\n\n\n\n<p><strong>J\u00fanius 5.<\/strong><br>\u201eA term\u00e9szet nyugalma megtan\u00edt arra, hogy n\u00e9ha lass\u00edts le, \u00e9s \u00e9lvezd a pillanatot.\u201d<\/p>\n\n\n\n<p><strong>J\u00fanius 6.<\/strong><br>\u201eA boldogs\u00e1g nem c\u00e9l, hanem \u00fat. Tegy\u00e9l minden napot \u00e9rt\u00e9kess\u00e9, \u00e9s \u00e9lvezd az utaz\u00e1st!\u201d<\/p>\n\n\n\n<p><strong>J\u00fanius 7.<\/strong><br>\u201eA ny\u00e1r a szabads\u00e1g ideje. Engedd szabadj\u00e1ra az \u00e1lmaidat, \u00e9s merj nagyot gondolni!\u201d<\/p>\n\n\n\n<p><strong>J\u00fanius 8.<\/strong><br>\u201eAz apr\u00f3 \u00f6r\u00f6m\u00f6k, mint egy meleg ny\u00e1ri szell\u0151, teszik az \u00e9letet igaz\u00e1n sz\u00e9pp\u00e9.\u201d<\/p>\n\n\n\n<p><strong>J\u00fanius 9.<\/strong><br>\u201eAhogy a nap sugarai felmeleg\u00edtik a f\u00f6ldet, \u00fagy meleg\u00edti meg a szeretet a sz\u00edveket. Terjeszd ezt a szeretetet!\u201d<\/p>\n\n\n\n<p><strong>J\u00fanius 10.<\/strong><br>\u201eA legnagyobb csod\u00e1k az egyszer\u0171 dolgokban rejlenek. Nyisd ki a szemed, \u00e9s vedd \u00e9szre \u0151ket!\u201d<\/p>\n\n\n\n<p><strong>J\u00fanius 11.<\/strong><br>\u201eA ny\u00e1r arra eml\u00e9keztet, hogy az \u00e9let r\u00f6vid, ez\u00e9rt t\u00f6ltsd meg boldogs\u00e1ggal \u00e9s kalandokkal!\u201d<\/p>\n\n\n\n<p><strong>J\u00fanius 12.<\/strong><br>\u201eAz \u00e9let olyan, mint egy ny\u00e1ri kert: ha gondozod, gy\u00f6ny\u00f6r\u0171 gy\u00fcm\u00f6lcs\u00f6ket terem.\u201d<\/p>\n\n\n\n<p><strong>J\u00fanius 13.<\/strong><br>\u201eA siker nem a gyorsas\u00e1gban rejlik, hanem abban, hogy soha ne add fel. Lassan, de biztosan haladj el\u0151re!\u201d<\/p>\n\n\n\n<p><strong>J\u00fanius 14.<\/strong><br>\u201eA naplement\u00e9k a bizony\u00edt\u00e9kai annak, hogy minden nap v\u00e9g\u00e9n van valami sz\u00e9p. \u00c9lj \u00fagy, hogy minden napot \u00e9rt\u00e9kelj!\u201d<\/p>\n\n\n\n<p><strong>J\u00fanius 15.<\/strong><br>\u201eA ny\u00e1r meleg\u00e9vel felt\u00f6ltve teremts harm\u00f3ni\u00e1t az \u00e9letedben, \u00e9s t\u00f6lts id\u0151t azokkal, akiket szeretsz.\u201d<\/p>\n\n\n\n<p><strong>J\u00fanius 16.<\/strong><br>\u201eA term\u00e9szet energi\u00e1ja eml\u00e9keztet arra, hogy te is k\u00e9pes vagy meg\u00fajulni \u00e9s n\u00f6vekedni.\u201d<\/p>\n\n\n\n<p><strong>J\u00fanius 17.<\/strong><br>\u201eMinden reggel egy \u00faj lehet\u0151s\u00e9get hoz. Kezdd a napot mosollyal \u00e9s h\u00e1l\u00e1val!\u201d<\/p>\n\n\n\n<p><strong>J\u00fanius 18.<\/strong><br>\u201eAhogy a f\u00e1k lombjai \u00e1rny\u00e9kot adnak, \u00fagy a bar\u00e1tok \u00e9s a csal\u00e1d t\u00e1mogat\u00e1sa is v\u00e9delmet ny\u00fajt. \u00c9rt\u00e9keld \u0151ket!\u201d<\/p>\n\n\n\n<p><strong>J\u00fanius 19.<\/strong><br>\u201eNe v\u00e1rj a t\u00f6k\u00e9letes k\u00f6r\u00fclm\u00e9nyekre, hanem teremtsd meg \u0151ket magadnak!\u201d<\/p>\n\n\n\n<p><strong>J\u00fanius 20.<\/strong><br>\u201eA boldogs\u00e1g az apr\u00f3 pillanatokban rejlik. Tarts sz\u00fcnetet, \u00e9s \u00e9lvezd az \u00e9let kicsi \u00f6r\u00f6meit!\u201d<\/p>\n\n\n\n<p><strong>J\u00fanius 21.<\/strong><br>\u201eA ny\u00e1ri napfordul\u00f3 eml\u00e9keztet minket arra, hogy a f\u00e9ny mindig legy\u0151zi a s\u00f6t\u00e9ts\u00e9get.\u201d<\/p>\n\n\n\n<p><strong>J\u00fanius 22.<\/strong><br>\u201eA legjobb befektet\u00e9s, amit valaha tehetsz, az \u00f6nmagad fejleszt\u00e9se. Kezdd el ma!\u201d<\/p>\n\n\n\n<p><strong>J\u00fanius 23.<\/strong><br>\u201eAhogy a vir\u00e1gok fel\u00e9 fordulnak a nap fel\u00e9, \u00fagy fordulj te is a pozit\u00edv gondolatok \u00e9s a rem\u00e9ny fel\u00e9.\u201d<\/p>\n\n\n\n<p><strong>J\u00fanius 24.<\/strong><br>\u201eA ny\u00e1r a lehet\u0151s\u00e9gek ideje. Ragadd meg az alkalmat, hogy valami \u00fajat tanulj vagy tapasztalj!\u201d<\/p>\n\n\n\n<p><strong>J\u00fanius 25.<\/strong><br>\u201eA bels\u0151 b\u00e9ke nem a k\u00fcls\u0151 k\u00f6r\u00fclm\u00e9nyekt\u0151l f\u00fcgg, hanem att\u00f3l, hogyan kezeled \u0151ket. Tal\u00e1ld meg a nyugalmat magadban!\u201d<\/p>\n\n\n\n<p><strong>J\u00fanius 26.<\/strong><br>\u201eA napf\u00e9ny eml\u00e9keztet arra, hogy a legnehezebb id\u0151k ut\u00e1n is mindig van rem\u00e9ny.\u201d<\/p>\n\n\n\n<p><strong>J\u00fanius 27.<\/strong><br>\u201eAhogy a v\u00edz \u00e1ramlik \u00e9s utat t\u00f6r mag\u00e1nak, \u00fagy te is megtal\u00e1lhatod az utadat az akad\u00e1lyok k\u00f6z\u00f6tt.\u201d<\/p>\n\n\n\n<p><strong>J\u00fanius 28.<\/strong><br>\u201eA ny\u00e1ri est\u00e9k a legjobbak az \u00e1lmodoz\u00e1sra. Engedd szabadj\u00e1ra a k\u00e9pzeletedet, \u00e9s tervezz nagyot!\u201d<\/p>\n\n\n\n<p><strong>J\u00fanius 29.<\/strong><br>\u201eA legjobb id\u0151 arra, hogy \u00faj szok\u00e1sokat alak\u00edts ki, a jelen pillanat. Haszn\u00e1ld ki a ny\u00e1r lend\u00fclet\u00e9t!\u201d<\/p>\n\n\n\n<p><strong>J\u00fanius 30.<\/strong><br>\u201eA h\u00f3nap v\u00e9ge nem a lez\u00e1r\u00e1st, hanem az \u00faj kezdetek lehet\u0151s\u00e9g\u00e9t jelenti. K\u00e9sz\u00fclj a k\u00f6vetkez\u0151 kalandra!\u201d<\/p>\n\n\n\n<div style=\"height:100px\" aria-hidden=\"true\" class=\"wp-block-spacer\"><\/div>\n\n\n\n<figure class=\"wp-block-image size-full\"><img decoding=\"async\" width=\"1280\" height=\"805\" src=\"https:\/\/CoachLab.hu\/wp-content\/uploads\/A-vilag-legjobb-motivacios-idezetei-make-the-day-great-4166221_1280.webp\" alt=\"A vil\u00e1g legjobb motiv\u00e1ci\u00f3s id\u00e9zetei\" class=\"wp-image-259415\" srcset=\"https:\/\/CoachLab.hu\/wp-content\/uploads\/A-vilag-legjobb-motivacios-idezetei-make-the-day-great-4166221_1280.webp 1280w, https:\/\/CoachLab.hu\/wp-content\/uploads\/A-vilag-legjobb-motivacios-idezetei-make-the-day-great-4166221_1280-980x616.webp 980w, https:\/\/CoachLab.hu\/wp-content\/uploads\/A-vilag-legjobb-motivacios-idezetei-make-the-day-great-4166221_1280-480x302.webp 480w\" sizes=\"(min-width: 0px) and (max-width: 480px) 480px, (min-width: 481px) and (max-width: 980px) 980px, (min-width: 981px) 1280px, 100vw\" \/><\/figure>\n\n\n\n<div style=\"height:100px\" aria-hidden=\"true\" class=\"wp-block-spacer\"><\/div>\n\n\n\n<div class=\"wp-block-buttons is-content-justification-center is-layout-flex wp-container-core-buttons-is-layout-16018d1d wp-block-buttons-is-layout-flex\">\n<div class=\"wp-block-button\"><a class=\"wp-block-button__link has-pale-cyan-blue-background-color has-background has-medium-font-size has-custom-font-size wp-element-button\" href=\"#email\"><strong>I<\/strong>ndulj el a fejl\u0151d\u00e9s \u00e9s a siker \u00fatj\u00e1n!<\/a><\/div>\n<\/div>\n\n\n\n<div style=\"height:100px\" aria-hidden=\"true\" class=\"wp-block-spacer\"><\/div>\n\n\n\n<h3 class=\"wp-block-heading\" id=\"julius-1-31-motivacios-idezetek\">J\u00falius 1. \u2013 31. Motiv\u00e1ci\u00f3s Id\u00e9zetek<\/h3>\n\n\n\n<p><strong>J\u00falius 1.<\/strong><br>\u201eAhogy a ny\u00e1r k\u00f6zepe el\u00e9rkezik, t\u00f6ltsd meg a napjaidat energi\u00e1val \u00e9s pozit\u00edv tervekkel!\u201d<\/p>\n\n\n\n<p><strong>J\u00falius 2.<\/strong><br>\u201eMinden nap lehet\u0151s\u00e9g arra, hogy valami sz\u00e9pet hozz l\u00e9tre az \u00e9letedben.\u201d<\/p>\n\n\n\n<p><strong>J\u00falius 3.<\/strong><br>\u201eEngedd, hogy a ny\u00e1ri nap sugarai felmeleg\u00edts\u00e9k a lelked, \u00e9s \u00faj c\u00e9lokat t\u0171zz ki magad el\u00e9.\u201d<\/p>\n\n\n\n<p><strong>J\u00falius 4.<\/strong><br>\u201eA szabads\u00e1g azt jelenti, hogy szabadon d\u00f6nthetsz, merre haladsz. \u00c9lj ezzel az aj\u00e1nd\u00e9kkal!\u201d<\/p>\n\n\n\n<p><strong>J\u00falius 5.<\/strong><br>\u201eAhogy a tenger sosem \u00e1ll meg, \u00fagy te is folyamatosan haladhatsz el\u0151re, m\u00e9g akkor is, ha apr\u00f3 l\u00e9p\u00e9sekkel.\u201d<\/p>\n\n\n\n<p><strong>J\u00falius 6.<\/strong><br>\u201eNe f\u00e9lj sz\u00fcnetet tartani \u00e9s \u00e9lvezni a ny\u00e1r apr\u00f3 \u00f6r\u00f6meit. A felt\u00f6lt\u0151d\u00e9s az el\u0151rel\u00e9p\u00e9s kulcsa.\u201d<\/p>\n\n\n\n<p><strong>J\u00falius 7.<\/strong><br>\u201eAhogy a vir\u00e1gok vir\u00e1gba borulnak, \u00fagy bontakozhatsz ki te is, ha hiszel magadban.\u201d<\/p>\n\n\n\n<p><strong>J\u00falius 8.<\/strong><br>\u201eA ny\u00e1r tele van kalandokkal. L\u00e9gy b\u00e1tor, \u00e9s merj valami \u00fajat kipr\u00f3b\u00e1lni!\u201d<\/p>\n\n\n\n<p><strong>J\u00falius 9.<\/strong><br>\u201eA boldogs\u00e1g nem c\u00e9l, hanem \u00fat. \u00c9lvezd minden l\u00e9p\u00e9s\u00e9t, k\u00fcl\u00f6n\u00f6sen a naps\u00fct\u00f6tte ny\u00e1ri napokon!\u201d<\/p>\n\n\n\n<p><strong>J\u00falius 10.<\/strong><br>\u201eA ny\u00e1r arra tan\u00edt, hogy n\u00e9ha engedj a spontaneit\u00e1snak, \u00e9s \u00e9lj a pillanatnak!\u201d<\/p>\n\n\n\n<p><strong>J\u00falius 11.<\/strong><br>\u201eAhogy a term\u00e9szet teljes pomp\u00e1j\u00e1ban ragyog, \u00fagy ragyoghat a lelked is, ha \u00f6nmagadra figyelsz.\u201d<\/p>\n\n\n\n<p><strong>J\u00falius 12.<\/strong><br>\u201eAz \u00e9leted ir\u00e1nya nem a k\u00f6r\u00fclm\u00e9nyekt\u0151l, hanem a hozz\u00e1\u00e1ll\u00e1sodt\u00f3l f\u00fcgg. V\u00e1lassz pozit\u00edvan!\u201d<\/p>\n\n\n\n<p><strong>J\u00falius 13.<\/strong><br>\u201eMinden nagy utaz\u00e1s egyetlen l\u00e9p\u00e9ssel kezd\u0151dik. Merj elindulni, b\u00e1rmi is legyen a c\u00e9lod!\u201d<\/p>\n\n\n\n<p><strong>J\u00falius 14.<\/strong><br>\u201eA legjobb t\u00f6rt\u00e9netek nem a tervezett \u00faton sz\u00fcletnek, hanem akkor, amikor elhagyod a komfortz\u00f3n\u00e1dat.\u201d<\/p>\n\n\n\n<p><strong>J\u00falius 15.<\/strong><br>\u201eAhogy a nap meleg\u00edt, \u00fagy t\u00f6ltsd meg az \u00e9leted szeretettel \u00e9s h\u00e1l\u00e1val.\u201d<\/p>\n\n\n\n<p><strong>J\u00falius 16.<\/strong><br>\u201eAz igazi gazdags\u00e1g nem az anyagi javakban, hanem a meg\u00e9lt pillanatokban rejlik. \u00c9lj ma igaz\u00e1n!\u201d<\/p>\n\n\n\n<p><strong>J\u00falius 17.<\/strong><br>\u201eA ny\u00e1ri szell\u0151 eml\u00e9keztet arra, hogy n\u00e9ha az egyszer\u0171 dolgok hoznak igazi \u00f6r\u00f6met.\u201d<\/p>\n\n\n\n<p><strong>J\u00falius 18.<\/strong><br>\u201eEngedd, hogy a bels\u0151 f\u00e9nyed ragyogjon, \u00e9s m\u00e1sokat is inspir\u00e1lj a pozitivit\u00e1soddal!\u201d<\/p>\n\n\n\n<p><strong>J\u00falius 19.<\/strong><br>\u201eA ny\u00e1r a szabads\u00e1g \u00e9vszaka. Tedd meg, amire r\u00e9g\u00f3ta v\u00e1gyt\u00e1l, \u00e9s \u00e9rezd j\u00f3l magad!\u201d<\/p>\n\n\n\n<p><strong>J\u00falius 20.<\/strong><br>\u201eAz apr\u00f3 l\u00e9p\u00e9sek a nagy c\u00e9lokhoz vezetnek. Tarts ki, \u00e9s \u00e9lvezd az utat!\u201d<\/p>\n\n\n\n<p><strong>J\u00falius 21.<\/strong><br>\u201eAhogy a madarak szabadon sz\u00e1rnyalnak, \u00fagy te is sz\u00e1rnyalhatsz, ha elhiszed, hogy k\u00e9pes vagy r\u00e1.\u201d<\/p>\n\n\n\n<p><strong>J\u00falius 22.<\/strong><br>\u201eA legmelegebb ny\u00e1ri napok is arra tan\u00edtanak, hogy t\u00fcrelmes l\u00e9gy, \u00e9s \u00e9rt\u00e9keld az \u00e1rny\u00e9kot.\u201d<\/p>\n\n\n\n<p><strong>J\u00falius 23.<\/strong><br>\u201eA boldogs\u00e1g kulcsa, hogy megtanulj \u00e9lvezni minden pillanatot. Ma tedd k\u00fcl\u00f6nlegess\u00e9 a napodat!\u201d<\/p>\n\n\n\n<p><strong>J\u00falius 24.<\/strong><br>\u201eAhogy a naplement\u00e9k sz\u00e9ps\u00e9ge mindig leny\u0171g\u00f6z, \u00fagy tal\u00e1lhatod meg a sz\u00e9ps\u00e9get a mindennapokban is.\u201d<\/p>\n\n\n\n<p><strong>J\u00falius 25.<\/strong><br>\u201eAz \u00e9let ny\u00e1ri kalandjai eml\u00e9keztetnek arra, hogy mindig van id\u0151 \u00faj dolgokat felfedezni.\u201d<\/p>\n\n\n\n<p><strong>J\u00falius 26.<\/strong><br>\u201eA term\u00e9szet csod\u00e1i arra tan\u00edtanak, hogy soha ne add fel, mert mindig j\u00f6het valami sz\u00e9p \u00e9s \u00faj.\u201d<\/p>\n\n\n\n<p><strong>J\u00falius 27.<\/strong><br>\u201eAhogy a nap sugarai \u00e1tj\u00e1rj\u00e1k a t\u00e1jat, \u00fagy t\u00f6ltse meg a szeretet az \u00e9leted minden zug\u00e1t.\u201d<\/p>\n\n\n\n<p><strong>J\u00falius 28.<\/strong><br>\u201eA ny\u00e1r a meg\u00fajul\u00e1s ideje. Hagyd magad m\u00f6g\u00f6tt a m\u00faltat, \u00e9s l\u00e9pj tov\u00e1bb frissen \u00e9s der\u0171sen!\u201d<\/p>\n\n\n\n<p><strong>J\u00falius 29.<\/strong><br>\u201eAz igazi \u00f6r\u00f6m nem abban rejlik, amit megszerzel, hanem abban, amit \u00e1tadsz m\u00e1soknak.\u201d<\/p>\n\n\n\n<p><strong>J\u00falius 30.<\/strong><br>\u201eA napok m\u00falnak, de minden pillanat \u00faj lehet\u0151s\u00e9get rejt. Haszn\u00e1ld ki a ma erej\u00e9t!\u201d<\/p>\n\n\n\n<p><strong>J\u00falius 31.<\/strong><br>\u201eAhogy a h\u00f3nap v\u00e9ge k\u00f6zeledik, \u00e1llj meg egy pillanatra, \u00e9s \u00e9rt\u00e9keld, mennyi mindent el\u00e9rt\u00e9l!\u201d<\/p>\n\n\n\n<div style=\"height:100px\" aria-hidden=\"true\" class=\"wp-block-spacer\"><\/div>\n\n\n\n<div class=\"wp-block-buttons is-content-justification-center is-layout-flex wp-container-core-buttons-is-layout-16018d1d wp-block-buttons-is-layout-flex\">\n<div class=\"wp-block-button\"><a class=\"wp-block-button__link has-pale-cyan-blue-background-color has-background has-medium-font-size has-custom-font-size wp-element-button\" href=\"#email\"><strong>Fedezd fel a benned rejl\u0151 lehet\u0151s\u00e9geket!<\/strong><\/a><\/div>\n<\/div>\n\n\n\n<div style=\"height:100px\" aria-hidden=\"true\" class=\"wp-block-spacer\"><\/div>\n\n\n\n<h3 class=\"wp-block-heading\" id=\"augusztus-1-31-motivacios-idezetek\">Augusztus 1. \u2013 31. Minden napra Id\u00e9zet<\/h3>\n\n\n\n<p><strong>Augusztus 1.<\/strong><br>\u201eAhogy az augusztus bek\u00f6sz\u00f6nt, l\u00e9gy b\u00fcszke arra, amit eddig el\u00e9rt\u00e9l, \u00e9s k\u00e9sz\u00fclj a k\u00f6vetkez\u0151 l\u00e9p\u00e9sre!\u201d<\/p>\n\n\n\n<p><strong>Augusztus 2.<\/strong><br>\u201eA ny\u00e1r m\u00e9g nem \u00e9rt v\u00e9get. Haszn\u00e1ld ki a pillanatokat, \u00e9s t\u00f6ltsd meg a napjaidat \u00f6r\u00f6mmel!\u201d<\/p>\n\n\n\n<p><strong>Augusztus 3.<\/strong><br>\u201eMinden \u00faj nap lehet\u0151s\u00e9g arra, hogy tanulj, fejl\u0151dj, \u00e9s k\u00f6zelebb ker\u00fclj az \u00e1lmaidhoz.\u201d<\/p>\n\n\n\n<p><strong>Augusztus 4.<\/strong><br>\u201eAhogy a nap sugarai bebor\u00edtj\u00e1k a t\u00e1jat, \u00fagy t\u00f6ltsd meg a lelked pozit\u00edv gondolatokkal.\u201d<\/p>\n\n\n\n<p><strong>Augusztus 5.<\/strong><br>\u201eAz augusztus a betakar\u00edt\u00e1s ideje. \u00c9ld meg a sikereid gy\u00fcm\u00f6lcs\u00e9t, \u00e9s tervezd a j\u00f6v\u0151t!\u201d<\/p>\n\n\n\n<p><strong>Augusztus 6.<\/strong><br>\u201eA boldogs\u00e1g nem c\u00e9l, hanem az apr\u00f3 pillanatok gy\u0171jtem\u00e9nye. \u00c9lj ma igaz\u00e1n!\u201d<\/p>\n\n\n\n<p><strong>Augusztus 7.<\/strong><br>\u201eAhogy a ny\u00e1r v\u00e9ge k\u00f6zeledik, ne feledd, hogy minden lez\u00e1r\u00e1s egy \u00faj kezdet is.\u201d<\/p>\n\n\n\n<p><strong>Augusztus 8.<\/strong><br>\u201eNe v\u00e1rj a t\u00f6k\u00e9letes pillanatra \u2013 tedd t\u00f6k\u00e9letess\u00e9 azt, amiben most vagy!\u201d<\/p>\n\n\n\n<p><strong>Augusztus 9.<\/strong><br>\u201eA term\u00e9szet sz\u00e9ps\u00e9ge eml\u00e9keztet arra, hogy a legegyszer\u0171bb dolgok a leg\u00e9rt\u00e9kesebbek.\u201d<\/p>\n\n\n\n<p><strong>Augusztus 10.<\/strong><br>\u201eAz \u00e9let olyan, mint egy ny\u00e1ri vihar: n\u00e9ha v\u00e1ratlan, de mindig tanuls\u00e1gos.\u201d<\/p>\n\n\n\n<p><strong>Augusztus 11.<\/strong><br>\u201eAhogy a ny\u00e1r napjai egyre r\u00f6vid\u00fclnek, haszn\u00e1ld ki minden perc\u00e9t a felt\u00f6lt\u0151d\u00e9snek!\u201d<\/p>\n\n\n\n<p><strong>Augusztus 12.<\/strong><br>\u201eA legnagyobb v\u00e1ltoz\u00e1sokat a legapr\u00f3bb l\u00e9p\u00e9sek ind\u00edtj\u00e1k el. Tegy\u00e9l ma egyet!\u201d<\/p>\n\n\n\n<p><strong>Augusztus 13.<\/strong><br>\u201eAz augusztusi csillaghull\u00e1s arra tan\u00edt, hogy merj nagyot \u00e1lmodni, \u00e9s higgy a k\u00edv\u00e1ns\u00e1gaidban.\u201d<\/p>\n\n\n\n<p><strong>Augusztus 14.<\/strong><br>\u201eAz \u00e9let olyan, mint egy tengerparti s\u00e9ta: n\u00e9ha homokos, n\u00e9ha kavicsos, de mindig sz\u00e9p.\u201d<\/p>\n\n\n\n<p><strong>Augusztus 15.<\/strong><br>\u201eA ny\u00e1r utols\u00f3 heteiben adj h\u00e1l\u00e1t minden\u00e9rt, amit \u00e1t\u00e9lt\u00e9l, \u00e9s k\u00e9sz\u00fclj a v\u00e1ltoz\u00e1sokra!\u201d<\/p>\n\n\n\n<p><strong>Augusztus 16.<\/strong><br>\u201eAhogy a term\u00e9szet ritmusa v\u00e1ltozik, \u00fagy igazodj te is az \u00e9let \u00faj fejezeteihez.\u201d<\/p>\n\n\n\n<p><strong>Augusztus 17.<\/strong><br>\u201eA legjobb napok azok, amelyeket teljes sz\u00edvvel \u00e9s \u0151szinte \u00f6r\u00f6mmel \u00e9lsz meg.\u201d<\/p>\n\n\n\n<p><strong>Augusztus 18.<\/strong><br>\u201eNe feledd, hogy a ny\u00e1r energi\u00e1ja benned \u00e9l tov\u00e1bb, b\u00e1rmi is j\u00f6n!\u201d<\/p>\n\n\n\n<p><strong>Augusztus 19.<\/strong><br>\u201eMinden nap egy \u00faj lehet\u0151s\u00e9g arra, hogy jobb\u00e1 tedd az \u00e9leted, \u00e9s boldogabb\u00e1 m\u00e1sokat.\u201d<\/p>\n\n\n\n<p><strong>Augusztus 20.<\/strong><br>\u201eAz \u00fcnnepek eml\u00e9keztetnek arra, hogy a k\u00f6z\u00f6ss\u00e9g ereje \u00e9s a h\u00e1la mennyire fontos az \u00e9letben.\u201d<\/p>\n\n\n\n<p><strong>Augusztus 21.<\/strong><br>\u201eAhogy a levelek lassan sz\u00ednez\u0151dnek, \u00fagy \u00e9rheted el te is \u00faj c\u00e9ljaidat, l\u00e9p\u00e9sr\u0151l l\u00e9p\u00e9sre.\u201d<\/p>\n\n\n\n<p><strong>Augusztus 22.<\/strong><br>\u201eA ny\u00e1r v\u00e9ge nem szomor\u00fas\u00e1g, hanem a felk\u00e9sz\u00fcl\u00e9s id\u0151szaka valami \u00fajra \u00e9s izgalmasra.\u201d<\/p>\n\n\n\n<p><strong>Augusztus 23.<\/strong><br>\u201eAhogy a naplement\u00e9k elb\u0171v\u00f6lnek, \u00fagy tal\u00e1ld meg te is a sz\u00e9ps\u00e9get a b\u00facs\u00faz\u00f3 pillanatokban.\u201d<\/p>\n\n\n\n<p><strong>Augusztus 24.<\/strong><br>\u201eA bels\u0151 er\u0151d olyan, mint a napf\u00e9ny \u2013 mindig ott van, m\u00e9g akkor is, ha felh\u0151k takarj\u00e1k.\u201d<\/p>\n\n\n\n<p><strong>Augusztus 25.<\/strong><br>\u201eMerj kil\u00e9pni a megszokottb\u00f3l, \u00e9s fedezd fel az \u00e9let ny\u00fajtotta \u00faj lehet\u0151s\u00e9geket!\u201d<\/p>\n\n\n\n<p><strong>Augusztus 26.<\/strong><br>\u201eAz \u00e9let minden nap tartogat meglepet\u00e9seket. Tedd ma k\u00fcl\u00f6nlegess\u00e9 a saj\u00e1t napodat!\u201d<\/p>\n\n\n\n<p><strong>Augusztus 27.<\/strong><br>\u201eAhogy a ny\u00e1r lassan elk\u00f6sz\u00f6n, tanuld meg \u00e9rt\u00e9kelni az id\u0151 m\u00fal\u00e1s\u00e1t \u00e9s az eml\u00e9keket.\u201d<\/p>\n\n\n\n<p><strong>Augusztus 28.<\/strong><br>\u201eA v\u00e1ltoz\u00e1s nem ellens\u00e9g, hanem lehet\u0151s\u00e9g arra, hogy \u00f6nmagad legjobb verzi\u00f3ja legy\u00e9l.\u201d<\/p>\n\n\n\n<p><strong>Augusztus 29.<\/strong><br>\u201eAhogy a hull\u00e1mok a partot moss\u00e1k, \u00fagy tiszt\u00edthatod meg a lelkedet a felesleges terhekt\u0151l.\u201d<\/p>\n\n\n\n<p><strong>Augusztus 30.<\/strong><br>\u201eA napjaid sz\u00e1m\u00edtanak. Tegy\u00e9l ma valamit, ami boldogs\u00e1ggal t\u00f6lt el t\u00e9ged \u00e9s m\u00e1sokat is.\u201d<\/p>\n\n\n\n<p><strong>Augusztus 31.<\/strong><br>\u201eAhogy az augusztus v\u00e9get \u00e9r, n\u00e9zz vissza h\u00e1l\u00e1val, \u00e9s tekints el\u0151re rem\u00e9nnyel!\u201d<\/p>\n\n\n\n<div style=\"height:100px\" aria-hidden=\"true\" class=\"wp-block-spacer\"><\/div>\n\n\n\n<div class=\"wp-block-buttons is-content-justification-center is-layout-flex wp-container-core-buttons-is-layout-16018d1d wp-block-buttons-is-layout-flex\">\n<div class=\"wp-block-button\"><a class=\"wp-block-button__link has-pale-cyan-blue-background-color has-background has-medium-font-size has-custom-font-size wp-element-button\" href=\"#email\"><strong>Hozd ki magadb\u00f3l a maximumot<\/strong><\/a><\/div>\n<\/div>\n\n\n\n<div style=\"height:100px\" aria-hidden=\"true\" class=\"wp-block-spacer\"><\/div>\n\n\n\n<h3 class=\"wp-block-heading\" id=\"szeptember-1-30-motivacios-idezetek\">Szeptember 1. \u2013 30. Id\u00e9zetek<\/h3>\n\n\n\n<p><strong>Szeptember 1.<\/strong><br>\u201eAz \u00faj h\u00f3nap \u00faj kezdeteket hoz. Haszn\u00e1ld ki az \u0151sz energi\u00e1it, hogy val\u00f3ra v\u00e1ltsd a c\u00e9ljaidat!\u201d<\/p>\n\n\n\n<p><strong>Szeptember 2.<\/strong><br>\u201eAhogy a term\u00e9szet \u00faj sz\u00ednekbe \u00f6lt\u00f6zik, te is \u00faj\u00edtsd meg a gondolkod\u00e1sodat \u00e9s a terveidet.\u201d<\/p>\n\n\n\n<p><strong>Szeptember 3.<\/strong><br>\u201eMinden v\u00e1ltoz\u00e1s mag\u00e1ban hordozza a n\u00f6veked\u00e9s lehet\u0151s\u00e9g\u00e9t. L\u00e9pj b\u00e1tran az \u00faj kih\u00edv\u00e1sok el\u00e9!\u201d<\/p>\n\n\n\n<p><strong>Szeptember 4.<\/strong><br>\u201eA szeptember a tanul\u00e1s h\u00f3napja. Milyen \u00faj k\u00e9szs\u00e9get szeretn\u00e9l elsaj\u00e1t\u00edtani ma?\u201d<\/p>\n\n\n\n<p><strong>Szeptember 5.<\/strong><br>\u201eAz \u0151sz arra eml\u00e9keztet, hogy minden elengedett lev\u00e9l hely\u00e9re \u00faj rem\u00e9ny \u00e9rkezik.\u201d<\/p>\n\n\n\n<p><strong>Szeptember 6.<\/strong><br>\u201eAhogy az id\u0151 h\u0171v\u00f6sebb\u00e9 v\u00e1lik, meleg\u00edtsd fel a napjaidat pozit\u00edv gondolatokkal \u00e9s cselekedetekkel!\u201d<\/p>\n\n\n\n<p><strong>Szeptember 7.<\/strong><br>\u201eAz \u00e9let titka nem az, hogy a t\u00f6k\u00e9letess\u00e9gre t\u00f6reksz\u00fcnk, hanem hogy \u00e9rt\u00e9kelj\u00fck a sz\u00e9ps\u00e9get a mindennapokban.\u201d<\/p>\n\n\n\n<p><strong>Szeptember 8.<\/strong><br>\u201eA szeptemberi es\u0151k eml\u00e9keztetnek, hogy n\u00e9ha a legjobb dolgokhoz t\u00fcrelemre van sz\u00fcks\u00e9g.\u201d<\/p>\n\n\n\n<p><strong>Szeptember 9.<\/strong><br>\u201eAz igazi er\u0151 abban rejlik, hogy mer\u00fcnk \u00fajrakezdeni \u00e9s hinni az \u00e1lmainkban.\u201d<\/p>\n\n\n\n<p><strong>Szeptember 10.<\/strong><br>\u201eAhogy a napok r\u00f6vid\u00fclnek, t\u00f6lts t\u00f6bb id\u0151t azokkal, akik igaz\u00e1n sz\u00e1m\u00edtanak.\u201d<\/p>\n\n\n\n<p><strong>Szeptember 11.<\/strong><br>\u201eAz \u0151sz a h\u00e1la \u00e9s a rendrak\u00e1s id\u0151szaka. Tedd rendbe a gondolataidat \u00e9s az \u00e9letedet!\u201d<\/p>\n\n\n\n<p><strong>Szeptember 12.<\/strong><br>\u201eA term\u00e9szet mutatja, hogy az elenged\u00e9s r\u00e9sze a n\u00f6veked\u00e9snek. Mit engedn\u00e9l el ma?\u201d<\/p>\n\n\n\n<p><strong>Szeptember 13.<\/strong><br>\u201eA legnagyobb v\u00e1ltoz\u00e1sokat a legkisebb l\u00e9p\u00e9sek ind\u00edtj\u00e1k el. Tegy\u00e9l ma egy apr\u00f3 l\u00e9p\u00e9st!\u201d<\/p>\n\n\n\n<p><strong>Szeptember 14.<\/strong><br>\u201eA szeptemberi szell\u0151 eml\u00e9keztet arra, hogy a v\u00e1ltoz\u00e1s frissess\u00e9get hoz az \u00e9letbe.\u201d<\/p>\n\n\n\n<p><strong>Szeptember 15.<\/strong><br>\u201eAhogy a f\u00e1k hullajtj\u00e1k a leveleiket, \u00fagy tiszt\u00edthatod meg az \u00e9letedet a feleslegest\u0151l.\u201d<\/p>\n\n\n\n<p><strong>Szeptember 16.<\/strong><br>\u201eMinden nap egy \u00faj lehet\u0151s\u00e9g arra, hogy k\u00f6zelebb ker\u00fclj \u00f6nmagad legjobb verzi\u00f3j\u00e1hoz.\u201d<\/p>\n\n\n\n<p><strong>Szeptember 17.<\/strong><br>\u201eAz \u0151sz a tervez\u00e9s ideje. Milyen \u00e1lmaidat szeretn\u00e9d megval\u00f3s\u00edtani az \u00e9v v\u00e9g\u00e9ig?\u201d<\/p>\n\n\n\n<p><strong>Szeptember 18.<\/strong><br>\u201eNe f\u00e9lj az ismeretlent\u0151l, hiszen a legszebb t\u00f6rt\u00e9netek is egy kis b\u00e1tors\u00e1ggal kezd\u0151dnek.\u201d<\/p>\n\n\n\n<p><strong>Szeptember 19.<\/strong><br>\u201eAhogy a nap f\u00e9nye megvil\u00e1g\u00edtja az \u0151szi t\u00e1jat, \u00fagy keresd te is a pozit\u00edvumokat az \u00e9letedben.\u201d<\/p>\n\n\n\n<p><strong>Szeptember 20.<\/strong><br>\u201eA szeptemberi reggelek arra eml\u00e9keztetnek, hogy minden \u00faj nap aj\u00e1nd\u00e9k.\u201d<\/p>\n\n\n\n<p><strong>Szeptember 21.<\/strong><br>\u201eAhogy a term\u00e9szet felk\u00e9sz\u00fcl a t\u00e9lre, \u00fagy k\u00e9sz\u00fclj te is a bels\u0151 er\u0151d meger\u0151s\u00edt\u00e9s\u00e9re.\u201d<\/p>\n\n\n\n<p><strong>Szeptember 22.<\/strong><br>\u201eAz \u0151szi nap\u00e9jegyenl\u0151s\u00e9g egyens\u00falyt hoz. Tal\u00e1ld meg a saj\u00e1t bels\u0151 harm\u00f3ni\u00e1dat!\u201d<\/p>\n\n\n\n<p><strong>Szeptember 23.<\/strong><br>\u201eAz \u0151sz nem a v\u00e9g, hanem egy \u00faj fejezet kezdete. N\u00e9zz el\u0151re bizalommal!\u201d<\/p>\n\n\n\n<p><strong>Szeptember 24.<\/strong><br>\u201eA legnagyobb kih\u00edv\u00e1saink azok, amelyek a legjobban form\u00e1lnak minket. Fogadd \u0151ket szeretettel!\u201d<\/p>\n\n\n\n<p><strong>Szeptember 25.<\/strong><br>\u201eAhogy az \u0151sz sz\u00ednesebb\u00e9 v\u00e1lik, \u00fagy tedd sz\u00ednesebb\u00e9 a gondolataidat \u00e9s az \u00e9letedet.\u201d<\/p>\n\n\n\n<p><strong>Szeptember 26.<\/strong><br>\u201eA m\u00falt tan\u00edt, a jelen <a href=\"https:\/\/coachlab.hu\/blog\/\" target=\"_blank\" rel=\"noreferrer noopener\">inspir\u00e1l<\/a>, a j\u00f6v\u0151 pedig rem\u00e9nyt ad. \u00c9lj ma tudatosan!\u201d<\/p>\n\n\n\n<p><strong>Szeptember 27.<\/strong><br>\u201eAz igazi boldogs\u00e1g az apr\u00f3 pillanatokban rejlik. Vedd \u00e9szre \u0151ket ma is!\u201d<\/p>\n\n\n\n<p><strong>Szeptember 28.<\/strong><br>\u201eAhogy a f\u00e1k meger\u0151s\u00f6dnek az \u0151szi sz\u00e9lben, \u00fagy er\u0151s\u00f6dj te is a kih\u00edv\u00e1sok \u00e1ltal.\u201d<\/p>\n\n\n\n<p><strong>Szeptember 29.<\/strong><br>\u201eAz \u0151sz arra eml\u00e9keztet, hogy a legjobb dolgok n\u00e9ha csendben \u00e9rkeznek.\u201d<\/p>\n\n\n\n<p><strong>Szeptember 30.<\/strong><br>\u201eAz \u00e9v v\u00e9ge k\u00f6zeledik. Mi az, amit m\u00e9g meg szeretn\u00e9l val\u00f3s\u00edtani? Kezdd el ma!\u201d<\/p>\n\n\n\n<div style=\"height:100px\" aria-hidden=\"true\" class=\"wp-block-spacer\"><\/div>\n\n\n\n<div class=\"wp-block-buttons is-content-justification-center is-layout-flex wp-container-core-buttons-is-layout-16018d1d wp-block-buttons-is-layout-flex\">\n<div class=\"wp-block-button\"><a class=\"wp-block-button__link has-pale-cyan-blue-background-color has-background has-medium-font-size has-custom-font-size wp-element-button\" href=\"#email\"><strong>Kezdd el most az \u00e1talakul\u00e1st<\/strong>!<\/a><\/div>\n<\/div>\n\n\n\n<div style=\"height:100px\" aria-hidden=\"true\" class=\"wp-block-spacer\"><\/div>\n\n\n\n<h3 class=\"wp-block-heading\" id=\"oktober-1-31-motivacios-idezetek\">Okt\u00f3ber 1. \u2013 31. Napi Motiv\u00e1ci\u00f3s Id\u00e9zetek<\/h3>\n\n\n\n<p><strong>Okt\u00f3ber 1.<\/strong><br>\u201eAz okt\u00f3ber a v\u00e1ltoz\u00e1s h\u00f3napja. Ahogy a term\u00e9szet \u00e1talakul, \u00fagy form\u00e1lhatod te is az \u00e9letedet.\u201d<\/p>\n\n\n\n<p><strong>Okt\u00f3ber 2.<\/strong><br>\u201eA h\u0171v\u00f6sebb napok eml\u00e9keztetnek arra, hogy bel\u00fcl mindig megtal\u00e1lhatod a meleget \u00e9s a nyugalmat.\u201d<\/p>\n\n\n\n<p><strong>Okt\u00f3ber 3.<\/strong><br>\u201eMinden \u00faj h\u00f3nap egy lehet\u0151s\u00e9g arra, hogy \u00faj c\u00e9lokat t\u0171zz ki \u00e9s val\u00f3s\u00edts meg.\u201d<\/p>\n\n\n\n<p><strong>Okt\u00f3ber 4.<\/strong><br>\u201eAhogy a levelek lassan lehullanak, \u00fagy szabadulj meg te is a felesleges terhekt\u0151l.\u201d<\/p>\n\n\n\n<p><strong>Okt\u00f3ber 5.<\/strong><br>\u201eAz \u0151szi sz\u00ednek gazdags\u00e1ga arra h\u00edv, hogy \u00e9rt\u00e9keld az \u00e9let soksz\u00edn\u0171s\u00e9g\u00e9t.\u201d<\/p>\n\n\n\n<p><strong>Okt\u00f3ber 6.<\/strong><br>\u201eNe hagyd, hogy a h\u0171v\u00f6s napok lelass\u00edtsanak. A bels\u0151 t\u00fczeddel mindig el\u0151re haladhatsz.\u201d<\/p>\n\n\n\n<p><strong>Okt\u00f3ber 7.<\/strong><br>\u201eAz okt\u00f3beri sz\u00e9l a szabads\u00e1got hozza mag\u00e1val. Engedd, hogy felfriss\u00edtse az \u00e9letedet!\u201d<\/p>\n\n\n\n<p><strong>Okt\u00f3ber 8.<\/strong><br>\u201eA csendes \u0151szi reggelek lehet\u0151s\u00e9get adnak az \u00f6nvizsg\u00e1latra \u00e9s a h\u00e1la gyakorl\u00e1s\u00e1ra.\u201d<\/p>\n\n\n\n<p><strong>Okt\u00f3ber 9.<\/strong><br>\u201eAz \u00e9vszakok v\u00e1ltoz\u00e1sa arra eml\u00e9keztet, hogy minden v\u00e1ltoz\u00e1s valami \u00fajat hoz az \u00e9let\u00fcnkbe.\u201d<\/p>\n\n\n\n<p><strong>Okt\u00f3ber 10.<\/strong><br>\u201eAz \u0151szi s\u00e9t\u00e1k alatt a term\u00e9szet a legjobb tan\u00edt\u00f3mester: elfogad\u00e1sra \u00e9s t\u00fcrelemre tan\u00edt.\u201d<\/p>\n\n\n\n<p><strong>Okt\u00f3ber 11.<\/strong><br>\u201eAhogy a napok r\u00f6vid\u00fclnek, tedd hosszabb\u00e1 a mosolyokat \u00e9s a j\u00f3 pillanatokat!\u201d<\/p>\n\n\n\n<p><strong>Okt\u00f3ber 12.<\/strong><br>\u201eAz okt\u00f3beri k\u00f6d\u00f6n \u00e1t n\u00e9zve is felfedezheted az \u00e9let rejtett sz\u00e9ps\u00e9geit.\u201d<\/p>\n\n\n\n<p><strong>Okt\u00f3ber 13.<\/strong><br>\u201eAz igazi er\u0151 az, ha k\u00e9pes vagy alkalmazkodni a v\u00e1ltoz\u00e1sokhoz \u00e9s tanulni bel\u0151l\u00fck.\u201d<\/p>\n\n\n\n<p><strong>Okt\u00f3ber 14.<\/strong><br>\u201eA lehull\u00f3 levelek azt s\u00fagj\u00e1k: n\u00e9ha el kell engedni a r\u00e9git, hogy helyet adj az \u00fajnak.\u201d<\/p>\n\n\n\n<p><strong>Okt\u00f3ber 15.<\/strong><br>\u201eAz \u0151sz arra tan\u00edt, hogy a lass\u00edt\u00e1s nem a lemond\u00e1s, hanem a meg\u00fajul\u00e1s r\u00e9sze.\u201d<\/p>\n\n\n\n<p><strong>Okt\u00f3ber 16.<\/strong><br>\u201eMinden nap egy \u00faj es\u00e9ly, hogy jobban meg\u00e9rtsd \u00f6nmagadat \u00e9s a c\u00e9ljaidat.\u201d<\/p>\n\n\n\n<p><strong>Okt\u00f3ber 17.<\/strong><br>\u201eAz \u0151sz k\u00f6zep\u00e9n eml\u00e9kezz arra, hogy a legnagyobb v\u00e1ltoz\u00e1sok a bels\u0151 b\u00e9k\u00e9vel kezd\u0151dnek.\u201d<\/p>\n\n\n\n<p><strong>Okt\u00f3ber 18.<\/strong><br>\u201eAhogy a falevelek sz\u00ednpomp\u00e1s t\u00e1ncot j\u00e1rnak, \u00fagy tedd te is szebb\u00e9 a mindennapjaidat.\u201d<\/p>\n\n\n\n<p><strong>Okt\u00f3ber 19.<\/strong><br>\u201eAz \u00e9let a folyamatos v\u00e1ltoz\u00e1sr\u00f3l sz\u00f3l. Tedd a v\u00e1ltoz\u00e1st a legjobb bar\u00e1todd\u00e1!\u201d<\/p>\n\n\n\n<p><strong>Okt\u00f3ber 20.<\/strong><br>\u201eA napok r\u00f6vid\u00fclnek, de a lehet\u0151s\u00e9gek hat\u00e1rtalanok. Milyen \u00e1lmodat kezded megval\u00f3s\u00edtani ma?\u201d<\/p>\n\n\n\n<p><strong>Okt\u00f3ber 21.<\/strong><br>\u201eAz \u0151szi \u00e9gbolt tisztas\u00e1ga arra inspir\u00e1l, hogy tiszt\u00e1bban l\u00e1sd a c\u00e9ljaidat \u00e9s az utadat.\u201d<\/p>\n\n\n\n<p><strong>Okt\u00f3ber 22.<\/strong><br>\u201eNe f\u00e9lj elengedni azt, ami m\u00e1r nem szolg\u00e1l t\u00e9ged. Az \u0151szi term\u00e9szet is ezt mutatja.\u201d<\/p>\n\n\n\n<p><strong>Okt\u00f3ber 23.<\/strong><br>\u201eAz okt\u00f3ber azt \u00fczeni: minden v\u00e9g egy \u00faj kezdet magvait hordozza mag\u00e1ban.\u201d<\/p>\n\n\n\n<p><strong>Okt\u00f3ber 24.<\/strong><br>\u201eAhogy a f\u00e1k a gy\u00f6kereikb\u0151l mer\u00edtenek er\u0151t, \u00fagy mer\u00edts te is a saj\u00e1t bels\u0151 forr\u00e1saidb\u00f3l.\u201d<\/p>\n\n\n\n<p><strong>Okt\u00f3ber 25.<\/strong><br>\u201eA csendes \u0151szi d\u00e9lut\u00e1nok t\u00f6k\u00e9letesek az \u00f6nmagaddal val\u00f3 tal\u00e1lkoz\u00e1shoz.\u201d<\/p>\n\n\n\n<p><strong>Okt\u00f3ber 26.<\/strong><br>\u201eAz \u00e9let sz\u00e9ps\u00e9ge az apr\u00f3 dolgokban rejlik. Vedd \u00e9szre \u0151ket minden nap!\u201d<\/p>\n\n\n\n<p><strong>Okt\u00f3ber 27.<\/strong><br>\u201eAz \u0151sz arra tan\u00edt, hogy a bels\u0151 melegs\u00e9g a legfontosabb, b\u00e1rmilyen hideg is legyen odakint.\u201d<\/p>\n\n\n\n<p><strong>Okt\u00f3ber 28.<\/strong><br>\u201eMinden lehull\u00f3 lev\u00e9l egy eml\u00e9keztet\u0151, hogy a v\u00e1ltoz\u00e1s nem csak term\u00e9szetes, hanem sz\u00fcks\u00e9ges is.\u201d<\/p>\n\n\n\n<p><strong>Okt\u00f3ber 29.<\/strong><br>\u201eAz okt\u00f3ber v\u00e9ge arra h\u00edv, hogy tekints vissza \u00e9s \u00fcnnepeld meg mindazt, amit eddig el\u00e9rt\u00e9l.\u201d<\/p>\n\n\n\n<p><strong>Okt\u00f3ber 30.<\/strong><br>\u201eAhogy az \u0151sz utols\u00f3 napjai lassan bek\u00f6sz\u00f6ntenek, gondolj arra, hogy minden \u00faj kezdethez id\u0151 kell.\u201d<\/p>\n\n\n\n<p><strong>Okt\u00f3ber 31.<\/strong><br>\u201eA november k\u00fcsz\u00f6b\u00e9n \u00e1llva k\u00e9sz\u00edts terveket, de \u00e9lvezd ki a jelen pillanat\u00e1t is.\u201d<\/p>\n\n\n\n<div style=\"height:100px\" aria-hidden=\"true\" class=\"wp-block-spacer\"><\/div>\n\n\n\n<div class=\"wp-block-buttons is-content-justification-center is-layout-flex wp-container-core-buttons-is-layout-16018d1d wp-block-buttons-is-layout-flex\">\n<div class=\"wp-block-button\"><a class=\"wp-block-button__link has-pale-cyan-blue-background-color has-background has-medium-font-size has-custom-font-size wp-element-button\" href=\"#email\"><strong>Tal\u00e1ld meg az utad!<\/strong><\/a><\/div>\n<\/div>\n\n\n\n<div style=\"height:100px\" aria-hidden=\"true\" class=\"wp-block-spacer\"><\/div>\n\n\n\n<h3 class=\"wp-block-heading\" id=\"november-1-30-motivacios-idezetek\">November 1. \u2013 30. Motiv\u00e1ci\u00f3s Id\u00e9zetek<\/h3>\n\n\n\n<p><strong>November 1.<\/strong><br>\u201eA november a h\u00e1la h\u00f3napja. Gondolj mindarra, ami\u00e9rt h\u00e1l\u00e1s lehetsz, \u00e9s er\u0151t mer\u00edthetsz bel\u0151le.\u201d<\/p>\n\n\n\n<p><strong>November 2.<\/strong><br>\u201eAhogy az \u0151sz utols\u00f3 szakasza bek\u00f6sz\u00f6nt, az elcsendesed\u00e9s ideje j\u00f6n el \u2013 figyelj befel\u00e9.\u201d<\/p>\n\n\n\n<p><strong>November 3.<\/strong><br>\u201eAz igazi b\u00e1tors\u00e1g az, ha a hideg napokon is megtartod a bels\u0151 melegs\u00e9gedet.\u201d<\/p>\n\n\n\n<p><strong>November 4.<\/strong><br>\u201eAz \u00e9let nem a gyorsas\u00e1gr\u00f3l sz\u00f3l, hanem arr\u00f3l, hogy el\u00e9rd a c\u00e9ljaidat a saj\u00e1t temp\u00f3dban.\u201d<\/p>\n\n\n\n<p><strong>November 5.<\/strong><br>\u201eAhogy a term\u00e9szet lassan elalszik, te \u00e9bredj fel, \u00e9s kezdj el \u00faj terveket sz\u0151ni.\u201d<\/p>\n\n\n\n<p><strong>November 6.<\/strong><br>\u201eA h\u0171v\u00f6s novemberi reggelek lehet\u0151s\u00e9get adnak az \u00faj kezdetekre \u00e9s az \u00f6nmeg\u00fajul\u00e1sra.\u201d<\/p>\n\n\n\n<p><strong>November 7.<\/strong><br>\u201eAhogy a falevelek utols\u00f3 darabjai is lehullanak, \u00fagy v\u00e1lj te is k\u00f6nnyebb\u00e9 \u00e9s szabadabb\u00e1.\u201d<\/p>\n\n\n\n<p><strong>November 8.<\/strong><br>\u201eA csendes, borong\u00f3s napok arra tan\u00edtanak, hogy n\u00e9ha a nyugalomban rejlik az igazi er\u0151.\u201d<\/p>\n\n\n\n<p><strong>November 9.<\/strong><br>\u201eAz \u0151sz v\u00e9ge nem a b\u00facs\u00fa, hanem az el\u0151k\u00e9sz\u00fclet a k\u00f6vetkez\u0151 fejezetre.\u201d<\/p>\n\n\n\n<p><strong>November 10.<\/strong><br>\u201eA novemberi sz\u00e9l arra eml\u00e9keztet, hogy n\u00e9ha fel kell friss\u00edten\u00fcnk az \u00e1lmainkat is.\u201d<\/p>\n\n\n\n<p><strong>November 11.<\/strong><br>\u201eA bels\u0151 harm\u00f3nia megtal\u00e1l\u00e1sa nem id\u0151j\u00e1r\u00e1sf\u00fcgg\u0151. A legzordabb napokon is boldog lehetsz.\u201d<\/p>\n\n\n\n<p><strong>November 12.<\/strong><br>\u201eAz \u0151sz utols\u00f3 h\u00f3napja is tele van lehet\u0151s\u00e9gekkel. Ny\u00falj \u00e9rt\u00fck, \u00e9s tedd magad gazdagabb\u00e1!\u201d<\/p>\n\n\n\n<p><strong>November 13.<\/strong><br>\u201eA hideg napok ellen\u00e9re mindig tal\u00e1lhatsz valamit, ami felmeleg\u00edti a sz\u00edvedet.\u201d<\/p>\n\n\n\n<p><strong>November 14.<\/strong><br>\u201eMinden nap egy aj\u00e1nd\u00e9k. Nyisd ki, \u00e9s haszn\u00e1ld arra, hogy valami j\u00f3t alkoss.\u201d<\/p>\n\n\n\n<p><strong>November 15.<\/strong><br>\u201eA november k\u00f6zep\u00e9n eml\u00e9kezz arra, hogy a legnehezebb id\u0151szakok is elm\u00falnak.\u201d<\/p>\n\n\n\n<p><strong>November 16.<\/strong><br>\u201eA bor\u00fas id\u0151 sem akad\u00e1lyozhat meg abban, hogy bel\u00fcl ragyogj \u00e9s m\u00e1sokat is inspir\u00e1lj.\u201d<\/p>\n\n\n\n<p><strong>November 17.<\/strong><br>\u201eA lassul\u00e1s a legjobb m\u00f3dja annak, hogy \u00e9szrevedd az \u00e9let apr\u00f3 csod\u00e1it.\u201d<\/p>\n\n\n\n<p><strong>November 18.<\/strong><br>\u201eAhogy a term\u00e9szet pihenni k\u00e9sz\u00fcl, te is adj id\u0151t magadnak a felt\u00f6lt\u0151d\u00e9sre.\u201d<\/p>\n\n\n\n<p><strong>November 19.<\/strong><br>\u201eA novemberi t\u00e1j sz\u00e9ps\u00e9ge arra tan\u00edt, hogy az egyszer\u0171 dolgokban is ott rejlik az \u00e9rt\u00e9k.\u201d<\/p>\n\n\n\n<p><strong>November 20.<\/strong><br>\u201eNe f\u00e9lj a csendt\u0151l. A legnagyobb felismer\u00e9sek mindig a nyugalomban sz\u00fcletnek.\u201d<\/p>\n\n\n\n<p><strong>November 21.<\/strong><br>\u201eA bels\u0151 er\u0151d olyan, mint egy gyertya: a legs\u00f6t\u00e9tebb napokon vil\u00e1g\u00edt a legf\u00e9nyesebben.\u201d<\/p>\n\n\n\n<p><strong>November 22.<\/strong><br>\u201eAhogy az \u0151sz z\u00e1rul, k\u00e9sz\u00fclj fel arra, hogy \u00faj energi\u00e1kkal k\u00f6sz\u00f6ntsd a telet.\u201d<\/p>\n\n\n\n<p><strong>November 23.<\/strong><br>\u201eA hideg id\u0151j\u00e1r\u00e1s sem akad\u00e1lyozhat meg abban, hogy melegs\u00e9get hozz m\u00e1sok \u00e9let\u00e9be.\u201d<\/p>\n\n\n\n<p><strong>November 24.<\/strong><br>\u201eAz elm\u00falt h\u00f3napok eml\u00e9kei mindig er\u0151t adhatnak a jelen kih\u00edv\u00e1saihoz.\u201d<\/p>\n\n\n\n<p><strong>November 25.<\/strong><br>\u201eAz \u00e9let sz\u00e9ps\u00e9ge az egyszer\u0171s\u00e9gben rejlik. Tal\u00e1ld meg ezt minden napban!\u201d<\/p>\n\n\n\n<p><strong>November 26.<\/strong><br>\u201eAz igazi b\u00e1tors\u00e1g az, ha a neh\u00e9zs\u00e9gek ellen\u00e9re is mosolyogsz.\u201d<\/p>\n\n\n\n<p><strong>November 27.<\/strong><br>\u201eA november v\u00e9ge arra h\u00edv, hogy \u00fajra\u00e9rt\u00e9keld a c\u00e9ljaidat, \u00e9s k\u00e9sz\u00fclj az \u00faj kezdetre.\u201d<\/p>\n\n\n\n<p><strong>November 28.<\/strong><br>\u201eAhogy a napok egyre r\u00f6videbbek, tedd hosszabb\u00e1 az \u00e1lmaidat \u00e9s az \u00f6r\u00f6mteli pillanatokat.\u201d<\/p>\n\n\n\n<p><strong>November 29.<\/strong><br>\u201eAz \u00e9let minden napja egy \u00faj lehet\u0151s\u00e9g, hogy k\u00f6zelebb ker\u00fclj ahhoz, aki lenni szeretn\u00e9l.\u201d<\/p>\n\n\n\n<p><strong>November 30.<\/strong><br>\u201eA november z\u00e1r\u00e1sa nem a v\u00e9g, hanem a felk\u00e9sz\u00fcl\u00e9s a t\u00e9l csod\u00e1ira \u00e9s az \u00faj \u00e9v lehet\u0151s\u00e9geire.\u201d<\/p>\n\n\n\n<div style=\"height:100px\" aria-hidden=\"true\" class=\"wp-block-spacer\"><\/div>\n\n\n\n<div class=\"wp-block-buttons is-content-justification-center is-layout-flex wp-container-core-buttons-is-layout-16018d1d wp-block-buttons-is-layout-flex\">\n<div class=\"wp-block-button\"><a class=\"wp-block-button__link has-pale-cyan-blue-background-color has-background has-medium-font-size has-custom-font-size wp-element-button\" href=\"#email\"><strong>\u00c9rd el a c\u00e9ljaidat seg\u00edts\u00e9g\u00fcnkkel!<\/strong><\/a><\/div>\n<\/div>\n\n\n\n<div style=\"height:100px\" aria-hidden=\"true\" class=\"wp-block-spacer\"><\/div>\n\n\n\n<h3 class=\"wp-block-heading\" id=\"december-1-31-motivacios-idezetek\">December 1. \u2013 31. Motiv\u00e1ci\u00f3s Id\u00e9zetek<\/h3>\n\n\n\n<p><strong>December 1.<\/strong><br>\u201eAz \u00e9v utols\u00f3 h\u00f3napja t\u00f6k\u00e9letes arra, hogy befejezd, amit elkezdt\u00e9l, \u00e9s \u00faj terveket sz\u0151j.\u201d<\/p>\n\n\n\n<p><strong>December 2.<\/strong><br>\u201eAhogy a h\u00f3pelyhek egyediek, \u00fagy minden napod k\u00fcl\u00f6nleges lehet \u2013 form\u00e1ld \u0151ket!\u201d<\/p>\n\n\n\n<p><strong>December 3.<\/strong><br>\u201eA december a csod\u00e1k ideje \u2013 hidd el, hogy a legjobb dolgok m\u00e9g csak most j\u00f6nnek.\u201d<\/p>\n\n\n\n<p><strong>December 4.<\/strong><br>\u201eA t\u00e9l hidege nem \u00e9rhet el, ha a sz\u00edved melegs\u00e9ggel van tele.\u201d<\/p>\n\n\n\n<p><strong>December 5.<\/strong><br>\u201eA s\u00f6t\u00e9t \u00e9jszak\u00e1k f\u00e9nyei eml\u00e9keztetnek arra, hogy mindig van rem\u00e9ny.\u201d<\/p>\n\n\n\n<p><strong>December 6.<\/strong><br>\u201eAz aj\u00e1nd\u00e9kok nem csak t\u00e1rgyak lehetnek. Adj mosolyt, szeretetet, \u00e9s figyelmet!\u201d<\/p>\n\n\n\n<p><strong>December 7.<\/strong><br>\u201eA december minden napja lehet\u0151s\u00e9get ad arra, hogy k\u00f6zelebb ker\u00fclj \u00f6nmagadhoz.\u201d<\/p>\n\n\n\n<p><strong>December 8.<\/strong><br>\u201eA t\u00e9l sz\u00e9ps\u00e9ge abban rejlik, hogy r\u00e1\u00e9breszt az egyszer\u0171 dolgok fontoss\u00e1g\u00e1ra.\u201d<\/p>\n\n\n\n<p><strong>December 9.<\/strong><br>\u201eAz \u00e9v v\u00e9ge k\u00f6zeledt\u00e9vel ne felejtsd el meg\u00fcnnepelni a saj\u00e1t sikereidet.\u201d<\/p>\n\n\n\n<p><strong>December 10.<\/strong><br>\u201eAz \u00fcnnepi hangulatot nem a dekor\u00e1ci\u00f3 teremti meg, hanem a szeretet.\u201d<\/p>\n\n\n\n<p><strong>December 11.<\/strong><br>\u201eA hideg id\u0151 a bels\u0151 melegs\u00e9g felfedez\u00e9s\u00e9nek ideje \u2013 gy\u00fajts f\u00e9nyt a saj\u00e1t vil\u00e1godban.\u201d<\/p>\n\n\n\n<p><strong>December 12.<\/strong><br>\u201eA t\u00e9l lass\u00fas\u00e1ga arra tan\u00edt, hogy minden nagy dolog id\u0151t ig\u00e9nyel.\u201d<\/p>\n\n\n\n<p><strong>December 13.<\/strong><br>\u201eA december t\u00f6k\u00e9letes id\u0151szak arra, hogy elengedd, ami m\u00e1r nem szolg\u00e1l t\u00e9ged.\u201d<\/p>\n\n\n\n<p><strong>December 14.<\/strong><br>\u201eAz \u00e9v utols\u00f3 hetei arra eml\u00e9keztetnek, hogy mindig van es\u00e9ly az \u00fajrakezd\u00e9sre.\u201d<\/p>\n\n\n\n<p><strong>December 15.<\/strong><br>\u201eAhogy a h\u00f3 befedi a f\u00f6ldet, \u00fagy takarhatod be magad nyugalommal \u00e9s szeretettel.\u201d<\/p>\n\n\n\n<p><strong>December 16.<\/strong><br>\u201eAz \u00e9v v\u00e9ge a h\u00e1l\u00e1r\u00f3l sz\u00f3l \u2013 eml\u00e9kezz mindarra, amit el\u00e9rt\u00e9l \u00e9s meg\u00e9lt\u00e9l.\u201d<\/p>\n\n\n\n<p><strong>December 17.<\/strong><br>\u201eA legszebb aj\u00e1nd\u00e9k, amit adhatsz, az id\u0151d \u00e9s a figyelmed.\u201d<\/p>\n\n\n\n<p><strong>December 18.<\/strong><br>\u201eA t\u00e9l mes\u00e9i arra eml\u00e9keztetnek, hogy a vil\u00e1g tele van var\u00e1zslattal \u2013 csak \u00e9szre kell venned.\u201d<\/p>\n\n\n\n<p><strong>December 19.<\/strong><br>\u201eNe csak az \u00fcnnepekre k\u00e9sz\u00fclj, hanem a k\u00f6vetkez\u0151 \u00e9vre is. Az \u00e1lmaid most form\u00e1l\u00f3dnak.\u201d<\/p>\n\n\n\n<p><strong>December 20.<\/strong><br>\u201eA csillagok f\u00e9nye \u00e9jszaka is megmutatja az utat \u2013 k\u00f6vesd az \u00e1lmaidat.\u201d<\/p>\n\n\n\n<p><strong>December 21.<\/strong><br>\u201eA leghosszabb \u00e9jszaka ut\u00e1n mindig elj\u00f6n a hajnal \u2013 a te id\u0151d is el\u00e9rkezik.\u201d<\/p>\n\n\n\n<p><strong>December 22.<\/strong><br>\u201eA szeretet \u00e9s a kedvess\u00e9g olyan, mint a h\u00f3: mindent szebb\u00e9 var\u00e1zsol, amit \u00e9rint.\u201d<\/p>\n\n\n\n<p><strong>December 23.<\/strong><br>\u201eAz \u00fcnnepi hangulatot nem a napt\u00e1r hozza el, hanem az, amit m\u00e1sok\u00e9rt teszel.\u201d<\/p>\n\n\n\n<p><strong>December 24.<\/strong><br>\u201eA kar\u00e1csony a csod\u00e1k ideje \u2013 hidd el, hogy a legjobbak m\u00e9g el\u0151tted \u00e1llnak.\u201d<\/p>\n\n\n\n<p><strong>December 25.<\/strong><br>\u201eAz igazi aj\u00e1nd\u00e9k a szeretet, amit adsz \u00e9s kapsz. \u00dcnnepeld ezt minden pillanatban!\u201d<\/p>\n\n\n\n<p><strong>December 26.<\/strong><br>\u201eA csendes, b\u00e9k\u00e9s pillanatok az \u00fcnnepek ut\u00e1n is tartogatnak tanuls\u00e1gokat.\u201d<\/p>\n\n\n\n<p><strong>December 27.<\/strong><br>\u201eAz \u00e9v v\u00e9ge nem a z\u00e1r\u00e1sr\u00f3l, hanem a felk\u00e9sz\u00fcl\u00e9sr\u0151l sz\u00f3l \u2013 k\u00e9sz\u00fclj az \u00faj lehet\u0151s\u00e9gekre!\u201d<\/p>\n\n\n\n<p><strong>December 28.<\/strong><br>\u201eA t\u00e9l hidege arra tan\u00edt, hogy a bels\u0151 melegs\u00e9g a leg\u00e9rt\u00e9kesebb er\u0151forr\u00e1sod.\u201d<\/p>\n\n\n\n<p><strong>December 29.<\/strong><br>\u201eAz elm\u00falt \u00e9v sikerei \u00e9s kudarcai egyar\u00e1nt \u00e9p\u00edtettek t\u00e9ged \u2013 k\u00f6sz\u00f6nd meg mindkett\u0151t!\u201d<\/p>\n\n\n\n<p><strong>December 30.<\/strong><br>\u201eA holnap mindig \u00faj rem\u00e9nyt hoz \u2013 l\u00e9pj bele az \u00faj \u00e9vbe hittel \u00e9s b\u00e1tors\u00e1ggal!\u201d<\/p>\n\n\n\n<p><strong>December 31.<\/strong><br>\u201eAz \u00e9v utols\u00f3 napj\u00e1n \u00fcnnepeld az utadat, \u00e9s k\u00e9sz\u00edts terveket a m\u00e9g nagyobb sikerekre.\u201d<\/p>\n\n\n\n<div style=\"height:100px\" aria-hidden=\"true\" class=\"wp-block-spacer\"><\/div>\n\n\n\n<div class=\"wp-block-buttons is-content-justification-center is-layout-flex wp-container-core-buttons-is-layout-16018d1d wp-block-buttons-is-layout-flex\">\n<div class=\"wp-block-button\"><a class=\"wp-block-button__link has-pale-cyan-blue-background-color has-background has-medium-font-size has-custom-font-size wp-element-button\" href=\"#email\"><strong>Szabad\u00edtsd fel a potenci\u00e1lod!<\/strong><\/a><\/div>\n<\/div>\n\n\n\n<div style=\"height:100px\" aria-hidden=\"true\" class=\"wp-block-spacer\"><\/div>\n\n\n\n<div style=\"height:100px\" aria-hidden=\"true\" class=\"wp-block-spacer\"><\/div>\n\n\n\n<h3 class=\"wp-block-heading\" id=\"pozitiv-idezetek-minden-napra\">Pozit\u00edv id\u00e9zetek minden napra<\/h3>\n\n\n\n<div style=\"height:100px\" aria-hidden=\"true\" class=\"wp-block-spacer\"><\/div>\n\n\n\n<h3 class=\"wp-block-heading\" id=\"raadaskent-ismertebb-motivacios-idezetek-ismert-szemelyektol\">R\u00e1ad\u00e1sk\u00e9nt ismertebb motiv\u00e1ci\u00f3s id\u00e9zetek h\u00edress\u00e9gekt\u0151l, ismert szem\u00e9lyekt\u0151l<\/h3>\n\n\n\n<h4 class=\"wp-block-heading\" id=\"ismert-motivacios-idezetek-es-szerzoik\">Ismert Motiv\u00e1ci\u00f3s Id\u00e9zetek \u00e9s Szerz\u0151ik<\/h4>\n\n\n\n<p><strong>1. \u201eAz egyetlen hely, ahol az eredm\u00e9ny el\u0151bb van, mint a munka, az a sz\u00f3t\u00e1r.\u201d<\/strong><br>\u2013 Vince Lombardi<\/p>\n\n\n\n<p><strong>2. \u201eAz \u00e9let 10%-ban arr\u00f3l sz\u00f3l, hogy mi t\u00f6rt\u00e9nik veled, \u00e9s 90%-ban arr\u00f3l, hogyan reag\u00e1lsz r\u00e1.\u201d<\/strong><br>\u2013 Charles R. Swindoll<\/p>\n\n\n\n<p><strong>3. \u201eNe \u00e1lmodd az \u00e9leted, hanem \u00e9ld az \u00e1lmaidat!\u201d<\/strong><br>\u2013 K\u00f6ztudott, szerz\u0151 ismeretlen<\/p>\n\n\n\n<p><strong>4. \u201eAz, hogy sikeres leszel-e, nem att\u00f3l f\u00fcgg, hogy milyen lehet\u0151s\u00e9geid vannak, hanem att\u00f3l, hogy hogyan haszn\u00e1lod ki azokat.\u201d<\/strong><br>\u2013 Zig Ziglar<\/p>\n\n\n\n<p><strong>5. \u201eNe f\u00e9lj a kudarct\u00f3l. A kudarc az, ami elind\u00edt a siker fel\u00e9.\u201d<\/strong><br>\u2013 Tony Robbins<\/p>\n\n\n\n<p><strong>6. \u201eA legnagyobb dics\u0151s\u00e9g\u00fcnk nem az, hogy soha nem bukunk el, hanem az, hogy minden buk\u00e1s ut\u00e1n fel\u00e1llunk.\u201d<\/strong><br>\u2013 Nelson Mandela<\/p>\n\n\n\n<p><strong>7. \u201eAz egyetlen m\u00f3dja annak, hogy j\u00f3 munk\u00e1t v\u00e9gezz, ha szereted, amit csin\u00e1lsz.\u201d<\/strong><br>\u2013 Steve Jobs<\/p>\n\n\n\n<p><strong>8. \u201eNe v\u00e1rj a lehet\u0151s\u00e9gre, teremtsd meg magad!\u201d<\/strong><br>\u2013 George Bernard Shaw<\/p>\n\n\n\n<p><strong>9. \u201eNem az a fontos, hogy milyen lassan haladsz, am\u00edg nem \u00e1llsz meg.\u201d<\/strong><br>\u2013 Konfuciusz<\/p>\n\n\n\n<p><strong>10. \u201eAz \u00e9let r\u00f6vid, ez\u00e9rt tedd minden napodat eml\u00e9kezetess\u00e9!\u201d<\/strong><br>\u2013 K\u00f6ztudott, szerz\u0151 ismeretlen<\/p>\n\n\n\n<p><strong>11. \u201eA siker kulcsa, hogy ne hagyd abba, amikor f\u00e1radt vagy, hanem akkor, amikor v\u00e9gezt\u00e9l.\u201d<\/strong><br>\u2013 K\u00f6ztudott, szerz\u0151 ismeretlen<\/p>\n\n\n\n<p><strong>12. \u201eA lehet\u0151s\u00e9g nem kopogtat az ajt\u00f3don \u2013 neked kell kinyitni azt.\u201d<\/strong><br>\u2013 Milton Berle<\/p>\n\n\n\n<p><strong>13. \u201eAz \u00e9letben nem az sz\u00e1m\u00edt, hogy h\u00e1ny l\u00e9legzetv\u00e9tel\u00fcnk van, hanem hogy h\u00e1ny olyan pillanatunk, amit\u0151l el\u00e1ll a l\u00e9legzet\u00fcnk.\u201d<\/strong><br>\u2013 Maya Angelou<\/p>\n\n\n\n<p><strong>14. \u201eNem az sz\u00e1m\u00edt, hogy honnan j\u00f6ssz, hanem hogy hov\u00e1 tartasz.\u201d<\/strong><br>\u2013 Booker T. Washington<\/p>\n\n\n\n<p><strong>15. \u201eA j\u00f6v\u0151d azon m\u00falik, hogy mit teszel ma.\u201d<\/strong><br>\u2013 Mahatma Gandhi<\/p>\n\n\n\n<p><strong>16. \u201eA siker nem v\u00e9letlen. Ez kem\u00e9ny munka, kitart\u00e1s, tanul\u00e1s, \u00e1ldozat \u00e9s a legjobbra val\u00f3 t\u00f6rekv\u00e9s eredm\u00e9nye.\u201d<\/strong><br>\u2013 Pel\u00e9<\/p>\n\n\n\n<p><strong>17. \u201eTedd meg, amit tudsz, azzal, amid van, ott, ahol vagy.\u201d<\/strong><br>\u2013 Theodore Roosevelt<\/p>\n\n\n\n<p><strong>18. \u201eAz \u00e1lmok akkor m\u0171k\u00f6dnek, ha te is dolgozol \u00e9rt\u00fck.\u201d<\/strong><br>\u2013 John C. Maxwell<\/p>\n\n\n\n<p><strong>19. \u201eAz akad\u00e1lyok azok a dolgok, amiket akkor l\u00e1tsz, amikor leveszed a szemed a c\u00e9lodr\u00f3l.\u201d<\/strong><br>\u2013 Henry Ford<\/p>\n\n\n\n<p><strong>20. \u201eNem sz\u00e1m\u00edt, milyen lassan haladsz, am\u00edg nem \u00e1llsz meg.\u201d<\/strong><br>\u2013 Konfuciusz<\/p>\n\n\n\n<p><strong>21. \u201eAz optimizmus az a hit, amely elvezet a sikerhez. Semmi sem m\u0171k\u00f6dik rem\u00e9ny \u00e9s \u00f6nbizalom n\u00e9lk\u00fcl.\u201d<\/strong><br>\u2013 Helen Keller<\/p>\n\n\n\n<p><strong>22. \u201eAz egyetlen korl\u00e1tod a holnapban azok a k\u00e9ts\u00e9gek, amiket ma \u00e9rzel.\u201d<\/strong><br>\u2013 Franklin D. Roosevelt<\/p>\n\n\n\n<p><strong>23. \u201eNe azzal m\u00e9rd az \u00e9letet, hogy h\u00e1nyszor vesz\u00edtesz, hanem hogy h\u00e1nyszor \u00e1llsz fel ut\u00e1na.\u201d<\/strong><br>\u2013 K\u00f6ztudott, szerz\u0151 ismeretlen<\/p>\n\n\n\n<p><strong>24. \u201eAz \u00e9let nem arr\u00f3l sz\u00f3l, hogy v\u00e1rjuk, hogy elvonuljon a vihar, hanem arr\u00f3l, hogy megtanuljunk t\u00e1ncolni az es\u0151ben.\u201d<\/strong><br>\u2013 Vivian Greene<\/p>\n\n\n\n<p><strong>25. \u201eA v\u00e1ltoz\u00e1s a komfortz\u00f3n\u00e1don k\u00edv\u00fcl kezd\u0151dik.\u201d<\/strong><br>\u2013 Roy T. Bennett<\/p>\n\n\n\n<div style=\"height:100px\" aria-hidden=\"true\" class=\"wp-block-spacer\"><\/div>\n\n\n\n<div class=\"wp-block-buttons is-content-justification-center is-layout-flex wp-container-core-buttons-is-layout-16018d1d wp-block-buttons-is-layout-flex\">\n<div class=\"wp-block-button\"><a class=\"wp-block-button__link has-pale-cyan-blue-background-color has-background has-medium-font-size has-custom-font-size wp-element-button\" href=\"#email\"><strong>V\u00e1ltoztass az \u00e9leteden!<\/strong><\/a><\/div>\n<\/div>\n\n\n\n<div style=\"height:100px\" aria-hidden=\"true\" class=\"wp-block-spacer\"><\/div>\n\n\n\n<p>26. <strong>\u201eAz egyetlen dolog, amit\u0151l f\u00e9lned kell, az a f\u00e9lelem maga.\u201d<\/strong><br>\u2013 Franklin D. Roosevelt<\/p>\n\n\n\n<p>27. <strong>\u201eNem az sz\u00e1m\u00edt, h\u00e1nyszor esel el, hanem az, hogy h\u00e1nyszor \u00e1llsz fel.\u201d<\/strong><br>\u2013 Vince Lombardi<\/p>\n\n\n\n<p>28. <strong>\u201eA siker nem a v\u00e9letlen m\u0171ve. Ez munka, kitart\u00e1s, tanul\u00e1s, \u00e1ldozat \u00e9s legf\u0151k\u00e9ppen szeretet, amit csin\u00e1lsz.\u201d<\/strong><br>\u2013 Pel\u00e9<\/p>\n\n\n\n<p>29. <strong>\u201eMindig a csillagokat c\u00e9lozd meg, m\u00e9g ha el is hib\u00e1zod, a Holdra \u00e9rkezel.\u201d<\/strong><br>\u2013 Norman Vincent Peale<\/p>\n\n\n\n<p>30. <strong>\u201eA tehets\u00e9g olcs\u00f3bb, mint az asztali s\u00f3. Ami elv\u00e1lasztja a tehets\u00e9ges embert a sikerest\u0151l, az a rengeteg kem\u00e9ny munka.\u201d<\/strong><br>\u2013 Stephen King<\/p>\n\n\n\n<p>31. <strong>\u201eB\u00e1rmit megtehetsz, amit el tudsz k\u00e9pzelni. Az \u00e9let nem korl\u00e1toz.\u201d<\/strong><br>\u2013 Paulo Coelho<\/p>\n\n\n\n<p>32. <strong>\u201eAz \u00e9let nem arr\u00f3l sz\u00f3l, hogy \u00f6nmagad keresed, hanem arr\u00f3l, hogy \u00f6nmagad teremted meg.\u201d<\/strong><br>\u2013 George Bernard Shaw<\/p>\n\n\n\n<p>33. <strong>\u201eHa azt teszed, amit mindig is tett\u00e9l, azt kapod, amit mindig is kapt\u00e1l.\u201d<\/strong><br>\u2013 Tony Robbins<\/p>\n\n\n\n<p>34. <strong>\u201eA nagy dolgok kis l\u00e9p\u00e9sekben kezd\u0151dnek.\u201d<\/strong><br>\u2013 Lao-ce<\/p>\n\n\n\n<p>35. <strong>\u201eA k\u00e9pzelet mindenn\u00e9l fontosabb, mert az a j\u00f6v\u0151 el\u0151h\u00edrn\u00f6ke.\u201d<\/strong><br>\u2013 Albert Einstein<\/p>\n\n\n\n<p>36. <strong>\u201eAz emberek ritk\u00e1n sikeresek abban, amit nem \u00e9lveznek.\u201d<\/strong><br>\u2013 Dale Carnegie<\/p>\n\n\n\n<p>37. <strong>\u201eA m\u00faltat nem v\u00e1ltoztathatod meg, de a j\u00f6v\u0151t igen.\u201d<\/strong><br>\u2013 Zig Ziglar<\/p>\n\n\n\n<p>38. <strong>\u201eA kudarcb\u00f3l t\u00f6bb er\u0151t mer\u00edthetsz, mint a sikerekb\u0151l. A kudarc \u00e9p\u00edti fel a karaktert.\u201d<\/strong><br>\u2013 Arnold Schwarzenegger<\/p>\n\n\n\n<p>39. <strong>\u201eHa boldog akarsz lenni, ne m\u00e1sok elv\u00e1r\u00e1saihoz igaz\u00edtsd az \u00e9leted.\u201d<\/strong><br>\u2013 Lao-ce<\/p>\n\n\n\n<p>40. <strong>\u201eAz egyetlen korl\u00e1tod a k\u00e9pzeleted.\u201d<\/strong><br>\u2013 Napoleon Hill<\/p>\n\n\n\n<p>41. <strong>\u201eAz \u00e9let 10%-ban az, ami veled t\u00f6rt\u00e9nik, \u00e9s 90%-ban az, ahogyan reag\u00e1lsz r\u00e1.\u201d<\/strong><br>\u2013 Charles R. Swindoll<\/p>\n\n\n\n<p>42. <strong>\u201eHa el tudod k\u00e9pzelni, meg tudod val\u00f3s\u00edtani.\u201d<\/strong><br>\u2013 Walt Disney<\/p>\n\n\n\n<p>43. <strong>\u201eAz \u00e1lmok az \u00e9let \u00fczemanyagai. Ne hagyd \u0151ket kialudni.\u201d<\/strong><br>\u2013 Les Brown<\/p>\n\n\n\n<p>44. <strong>\u201eSoha ne hagyd, hogy a f\u00e9lelem meg\u00e1ll\u00edtson abban, hogy j\u00f3t cselekedj.\u201d<\/strong><br>\u2013 Babe Ruth<\/p>\n\n\n\n<p>45. <strong>\u201eA siker titka az, hogy soha ne hagyd abba a tanul\u00e1st.\u201d<\/strong><br>\u2013 John Wooden<\/p>\n\n\n\n<p>46. <strong>\u201eA j\u00f6v\u0151 azok\u00e9, akik hisznek \u00e1lmaik sz\u00e9ps\u00e9g\u00e9ben.\u201d<\/strong><br>\u2013 Eleanor Roosevelt<\/p>\n\n\n\n<p>47. <strong>\u201eA cselekv\u00e9s a f\u00e9lelem gy\u00f3gyszere.\u201d<\/strong><br>\u2013 Dale Carnegie<\/p>\n\n\n\n<p>48. <strong>\u201eNem az vagy, amit el\u00e9rt\u00e9l, hanem az, amit legy\u0151zt\u00e9l.\u201d<\/strong><br>\u2013 Oprah Winfrey<\/p>\n\n\n\n<p>49. <strong>\u201eA c\u00e9l nem az, hogy jobb legy\u00e9l m\u00e1sokn\u00e1l, hanem hogy jobb legy\u00e9l tegnapi \u00f6nmagadn\u00e1l.\u201d<\/strong><br>\u2013 Mahatma Gandhi<\/p>\n\n\n\n<p>50. <strong>\u201eA boldogs\u00e1g nem c\u00e9l, hanem az utaz\u00e1s egyik m\u00f3dja.\u201d<\/strong><br>\u2013 Roy T. Bennett<\/p>\n\n\n\n<p><\/p>\n\n\n\n<div style=\"height:100px\" aria-hidden=\"true\" class=\"wp-block-spacer\"><\/div>\n\n\n\n<h2 class=\"wp-block-heading\" id=\"motivacios-faq\">Motiv\u00e1ci\u00f3s FAQ<\/h2>\n\n\n\n<!-- FAQ Szekci\u00f3 Motiv\u00e1ci\u00f3s Id\u00e9zetekhez - WordPress Custom HTML -->\n<section class=\"faq-section\" style=\"background-color: #f9f9f9; padding: 30px 20px; margin: 40px 0; border-radius: 8px;\">\n    <h2 style=\"text-align: center; color: #333; margin-bottom: 30px; font-size: 28px;\">Gyakran Ism\u00e9telt K\u00e9rd\u00e9sek &#8211; Motiv\u00e1ci\u00f3s Id\u00e9zetek<\/h2>\n    \n    <div class=\"faq-container\" style=\"max-width: 800px; margin: 0 auto;\">\n        \n        <div class=\"faq-item\" style=\"background: white; margin-bottom: 15px; border-radius: 8px; box-shadow: 0 2px 5px rgba(0,0,0,0.1);\">\n            <details style=\"padding: 20px;\">\n                <summary style=\"font-weight: bold; cursor: pointer; font-size: 18px; color: #2c3e50; margin-bottom: 10px;\">Mi\u00e9rt fontosak a motiv\u00e1ci\u00f3s id\u00e9zetek a mindennapi \u00e9letben?<\/summary>\n                <p style=\"color: #555; line-height: 1.6; margin-top: 15px;\">A motiv\u00e1ci\u00f3s id\u00e9zetek seg\u00edtenek abban, hogy pozit\u00edv gondolkod\u00e1sm\u00f3dot alak\u00edtsunk ki \u00e9s fenntartsunk. Neh\u00e9z pillanatokban inspir\u00e1ci\u00f3t ny\u00fajtanak, \u00e9s eml\u00e9keztetnek arra, hogy k\u00e9pesek vagyunk t\u00fall\u00e9pni az akad\u00e1lyokon. A napi motiv\u00e1ci\u00f3 n\u00f6veli az \u00f6nbizalmat \u00e9s seg\u00edt a c\u00e9ljaink el\u00e9r\u00e9s\u00e9ben.<\/p>\n            <\/details>\n        <\/div>\n\n        <div class=\"faq-item\" style=\"background: white; margin-bottom: 15px; border-radius: 8px; box-shadow: 0 2px 5px rgba(0,0,0,0.1);\">\n            <details style=\"padding: 20px;\">\n                <summary style=\"font-weight: bold; cursor: pointer; font-size: 18px; color: #2c3e50; margin-bottom: 10px;\">Hogyan haszn\u00e1ljam hat\u00e9konyan a motiv\u00e1l\u00f3 id\u00e9zeteket?<\/summary>\n                <p style=\"color: #555; line-height: 1.6; margin-top: 15px;\">A leghat\u00e9konyabb m\u00f3dszer, ha minden reggel elolvasol egy motiv\u00e1ci\u00f3s id\u00e9zetet, \u00e9s id\u0151t sz\u00e1nsz arra, hogy elgondolkodj rajta. \u00cdrd le a kedvenceidet, tedd ki \u0151ket j\u00f3l l\u00e1that\u00f3 helyre, vagy \u00e1ll\u00edts be eml\u00e9keztet\u0151t a telefonodra. A kulcs a rendszeress\u00e9g \u00e9s a tudatos alkalmaz\u00e1s.<\/p>\n            <\/details>\n        <\/div>\n\n        <div class=\"faq-item\" style=\"background: white; margin-bottom: 15px; border-radius: 8px; box-shadow: 0 2px 5px rgba(0,0,0,0.1);\">\n            <details style=\"padding: 20px;\">\n                <summary style=\"font-weight: bold; cursor: pointer; font-size: 18px; color: #2c3e50; margin-bottom: 10px;\">Honnan sz\u00e1rmaznak ezek a motiv\u00e1ci\u00f3s id\u00e9zetek?<\/summary>\n                <p style=\"color: #555; line-height: 1.6; margin-top: 15px;\">Az id\u00e9zetek h\u00edres filoz\u00f3fusokt\u00f3l, sikeres v\u00e1llalkoz\u00f3kt\u00f3l, sportol\u00f3kt\u00f3l, \u00edr\u00f3kt\u00f3l \u00e9s t\u00f6rt\u00e9nelmi szem\u00e9lyis\u00e9gekt\u0151l sz\u00e1rmaznak. Minden id\u00e9zet gondosan kiv\u00e1lasztott, hogy val\u00f3di inspir\u00e1ci\u00f3t \u00e9s gyakorlati b\u00f6lcsess\u00e9get ny\u00fajtson a mindennapi kih\u00edv\u00e1sokhoz.<\/p>\n            <\/details>\n        <\/div>\n\n        <div class=\"faq-item\" style=\"background: white; margin-bottom: 15px; border-radius: 8px; box-shadow: 0 2px 5px rgba(0,0,0,0.1);\">\n            <details style=\"padding: 20px;\">\n                <summary style=\"font-weight: bold; cursor: pointer; font-size: 18px; color: #2c3e50; margin-bottom: 10px;\">Milyen gyakran friss\u00fcl az id\u00e9zetek gy\u0171jtem\u00e9nye?<\/summary>\n                <p style=\"color: #555; line-height: 1.6; margin-top: 15px;\">Az id\u00e9zetek gy\u0171jtem\u00e9ny\u00e9t rendszeresen b\u0151v\u00edtj\u00fck \u00faj, inspir\u00e1l\u00f3 tartalmakkal. Hetente t\u00f6bb \u00faj motiv\u00e1ci\u00f3s id\u00e9zetet adunk hozz\u00e1, \u00edgy mindig tal\u00e1lsz friss inspir\u00e1ci\u00f3t. \u00c9rdemes rendszeresen visszal\u00e1togatni az oldalra.<\/p>\n            <\/details>\n        <\/div>\n\n        <div class=\"faq-item\" style=\"background: white; margin-bottom: 15px; border-radius: 8px; box-shadow: 0 2px 5px rgba(0,0,0,0.1);\">\n            <details style=\"padding: 20px;\">\n                <summary style=\"font-weight: bold; cursor: pointer; font-size: 18px; color: #2c3e50; margin-bottom: 10px;\">Megoszthatom ezeket a motiv\u00e1l\u00f3 id\u00e9zeteket m\u00e1sokkal?<\/summary>\n                <p style=\"color: #555; line-height: 1.6; margin-top: 15px;\">Term\u00e9szetesen! Minden id\u00e9zet megoszthat\u00f3 a k\u00f6z\u00f6ss\u00e9gi m\u00e9di\u00e1n, e-mailben vagy szem\u00e9lyesen. A motiv\u00e1ci\u00f3 fert\u0151z\u0151 &#8211; min\u00e9l t\u00f6bben olvass\u00e1k ezeket az inspir\u00e1l\u00f3 gondolatokat, ann\u00e1l jobb. Csak k\u00e9rj\u00fck, hogy mindig t\u00fcntesd fel a forr\u00e1st.<\/p>\n            <\/details>\n        <\/div>\n\n        <div class=\"faq-item\" style=\"background: white; margin-bottom: 15px; border-radius: 8px; box-shadow: 0 2px 5px rgba(0,0,0,0.1);\">\n            <details style=\"padding: 20px;\">\n                <summary style=\"font-weight: bold; cursor: pointer; font-size: 18px; color: #2c3e50; margin-bottom: 10px;\">Van k\u00fcl\u00f6nbs\u00e9g a motiv\u00e1ci\u00f3s \u00e9s inspir\u00e1ci\u00f3s id\u00e9zetek k\u00f6z\u00f6tt?<\/summary>\n                <p style=\"color: #555; line-height: 1.6; margin-top: 15px;\">A motiv\u00e1ci\u00f3s id\u00e9zetek ink\u00e1bb cselekv\u00e9sre \u00f6szt\u00f6n\u00f6znek \u00e9s c\u00e9ljaink el\u00e9r\u00e9s\u00e9re f\u00f3kusz\u00e1lnak, m\u00edg az inspir\u00e1ci\u00f3s id\u00e9zetek sz\u00e9lesebb perspekt\u00edv\u00e1t ny\u00fajtanak \u00e9s kreat\u00edv gondolkod\u00e1sra serkentnek. Mindkett\u0151 \u00e9rt\u00e9kes, \u00e9s gyakran \u00e1tfednek egym\u00e1ssal.<\/p>\n            <\/details>\n        <\/div>\n\n        <div class=\"faq-item\" style=\"background: white; margin-bottom: 15px; border-radius: 8px; box-shadow: 0 2px 5px rgba(0,0,0,0.1);\">\n            <details style=\"padding: 20px;\">\n                <summary style=\"font-weight: bold; cursor: pointer; font-size: 18px; color: #2c3e50; margin-bottom: 10px;\">Hogyan v\u00e1lasszam ki a sz\u00e1momra megfelel\u0151 motiv\u00e1ci\u00f3s id\u00e9zetet?<\/summary>\n                <p style=\"color: #555; line-height: 1.6; margin-top: 15px;\">V\u00e1laszd azt az id\u00e9zetet, amely rezon\u00e1l veled \u00e9s az aktu\u00e1lis \u00e9lethelyzeteddel. Ha c\u00e9lorient\u00e1lt vagy, keress sikerr\u0151l sz\u00f3l\u00f3 id\u00e9zeteket. Ha neh\u00e9z id\u0151szakon m\u00e9sz kereszt\u00fcl, a kitart\u00e1sr\u00f3l sz\u00f3l\u00f3 gondolatok seg\u00edthetnek. B\u00edzz az intu\u00edci\u00f3dban!<\/p>\n            <\/details>\n        <\/div>\n\n        <div class=\"faq-item\" style=\"background: white; margin-bottom: 15px; border-radius: 8px; box-shadow: 0 2px 5px rgba(0,0,0,0.1);\">\n            <details style=\"padding: 20px;\">\n                <summary style=\"font-weight: bold; cursor: pointer; font-size: 18px; color: #2c3e50; margin-bottom: 10px;\">M\u0171k\u00f6dnek-e val\u00f3ban a motiv\u00e1ci\u00f3s id\u00e9zetek a hossz\u00fa t\u00e1v\u00fa v\u00e1ltoz\u00e1shoz?<\/summary>\n                <p style=\"color: #555; line-height: 1.6; margin-top: 15px;\">A motiv\u00e1ci\u00f3s id\u00e9zetek \u00f6nmagukban nem hoznak v\u00e1ltoz\u00e1st, de er\u0151s kataliz\u00e1torok lehetnek. Seg\u00edtenek fenntartani a pozit\u00edv gondolkod\u00e1st \u00e9s eml\u00e9keztetnek a c\u00e9ljainkra. A val\u00f3di v\u00e1ltoz\u00e1shoz azonban konkr\u00e9t cselekv\u00e9sekkel kell p\u00e1ros\u00edtani \u0151ket.<\/p>\n            <\/details>\n        <\/div>\n\n    <\/div>\n<\/section>\n\n<!-- JSON-LD Schema Markup a FAQ-hoz -->\n<script type=\"application\/ld+json\">\n{\n  \"@context\": \"https:\/\/schema.org\",\n  \"@type\": \"FAQPage\",\n  \"mainEntity\": [\n    {\n      \"@type\": \"Question\",\n      \"name\": \"Mi\u00e9rt fontosak a motiv\u00e1ci\u00f3s id\u00e9zetek a mindennapi \u00e9letben?\",\n      \"acceptedAnswer\": {\n        \"@type\": \"Answer\",\n        \"text\": \"A motiv\u00e1ci\u00f3s id\u00e9zetek seg\u00edtenek abban, hogy pozit\u00edv gondolkod\u00e1sm\u00f3dot alak\u00edtsunk ki \u00e9s fenntartsunk. Neh\u00e9z pillanatokban inspir\u00e1ci\u00f3t ny\u00fajtanak, \u00e9s eml\u00e9keztetnek arra, hogy k\u00e9pesek vagyunk t\u00fall\u00e9pni az akad\u00e1lyokon. A napi motiv\u00e1ci\u00f3 n\u00f6veli az \u00f6nbizalmat \u00e9s seg\u00edt a c\u00e9ljaink el\u00e9r\u00e9s\u00e9ben.\"\n      }\n    },\n    {\n      \"@type\": \"Question\",\n      \"name\": \"Hogyan haszn\u00e1ljam hat\u00e9konyan a motiv\u00e1l\u00f3 id\u00e9zeteket?\",\n      \"acceptedAnswer\": {\n        \"@type\": \"Answer\",\n        \"text\": \"A leghat\u00e9konyabb m\u00f3dszer, ha minden reggel elolvasol egy motiv\u00e1ci\u00f3s id\u00e9zetet, \u00e9s id\u0151t sz\u00e1nsz arra, hogy elgondolkodj rajta. \u00cdrd le a kedvenceidet, tedd ki \u0151ket j\u00f3l l\u00e1that\u00f3 helyre, vagy \u00e1ll\u00edts be eml\u00e9keztet\u0151t a telefonodra. A kulcs a rendszeress\u00e9g \u00e9s a tudatos alkalmaz\u00e1s.\"\n      }\n    },\n    {\n      \"@type\": \"Question\",\n      \"name\": \"Honnan sz\u00e1rmaznak ezek a motiv\u00e1ci\u00f3s id\u00e9zetek?\",\n      \"acceptedAnswer\": {\n        \"@type\": \"Answer\",\n        \"text\": \"Az id\u00e9zetek h\u00edres filoz\u00f3fusokt\u00f3l, sikeres v\u00e1llalkoz\u00f3kt\u00f3l, sportol\u00f3kt\u00f3l, \u00edr\u00f3kt\u00f3l \u00e9s t\u00f6rt\u00e9nelmi szem\u00e9lyis\u00e9gekt\u0151l sz\u00e1rmaznak. Minden id\u00e9zet gondosan kiv\u00e1lasztott, hogy val\u00f3di inspir\u00e1ci\u00f3t \u00e9s gyakorlati b\u00f6lcsess\u00e9get ny\u00fajtson a mindennapi kih\u00edv\u00e1sokhoz.\"\n      }\n    },\n    {\n      \"@type\": \"Question\",\n      \"name\": \"Milyen gyakran friss\u00fcl az id\u00e9zetek gy\u0171jtem\u00e9nye?\",\n      \"acceptedAnswer\": {\n        \"@type\": \"Answer\",\n        \"text\": \"Az id\u00e9zetek gy\u0171jtem\u00e9ny\u00e9t rendszeresen b\u0151v\u00edtj\u00fck \u00faj, inspir\u00e1l\u00f3 tartalmakkal. Hetente t\u00f6bb \u00faj motiv\u00e1ci\u00f3s id\u00e9zetet adunk hozz\u00e1, \u00edgy mindig tal\u00e1lsz friss inspir\u00e1ci\u00f3t. \u00c9rdemes rendszeresen visszal\u00e1togatni az oldalra.\"\n      }\n    },\n    {\n      \"@type\": \"Question\",\n      \"name\": \"Megoszthatom ezeket a motiv\u00e1l\u00f3 id\u00e9zeteket m\u00e1sokkal?\",\n      \"acceptedAnswer\": {\n        \"@type\": \"Answer\",\n        \"text\": \"Term\u00e9szetesen! Minden id\u00e9zet megoszthat\u00f3 a k\u00f6z\u00f6ss\u00e9gi m\u00e9di\u00e1n, e-mailben vagy szem\u00e9lyesen. A motiv\u00e1ci\u00f3 fert\u0151z\u0151 - min\u00e9l t\u00f6bben olvass\u00e1k ezeket az inspir\u00e1l\u00f3 gondolatokat, ann\u00e1l jobb. Csak k\u00e9rj\u00fck, hogy mindig t\u00fcntesd fel a forr\u00e1st.\"\n      }\n    },\n    {\n      \"@type\": \"Question\",\n      \"name\": \"Van k\u00fcl\u00f6nbs\u00e9g a motiv\u00e1ci\u00f3s \u00e9s inspir\u00e1ci\u00f3s id\u00e9zetek k\u00f6z\u00f6tt?\",\n      \"acceptedAnswer\": {\n        \"@type\": \"Answer\",\n        \"text\": \"A motiv\u00e1ci\u00f3s id\u00e9zetek ink\u00e1bb cselekv\u00e9sre \u00f6szt\u00f6n\u00f6znek \u00e9s c\u00e9ljaink el\u00e9r\u00e9s\u00e9re f\u00f3kusz\u00e1lnak, m\u00edg az inspir\u00e1ci\u00f3s id\u00e9zetek sz\u00e9lesebb perspekt\u00edv\u00e1t ny\u00fajtanak \u00e9s kreat\u00edv gondolkod\u00e1sra serkentnek. Mindkett\u0151 \u00e9rt\u00e9kes, \u00e9s gyakran \u00e1tfednek egym\u00e1ssal.\"\n      }\n    },\n    {\n      \"@type\": \"Question\",\n      \"name\": \"Hogyan v\u00e1lasszam ki a sz\u00e1momra megfelel\u0151 motiv\u00e1ci\u00f3s id\u00e9zetet?\",\n      \"acceptedAnswer\": {\n        \"@type\": \"Answer\",\n        \"text\": \"V\u00e1laszd azt az id\u00e9zetet, amely rezon\u00e1l veled \u00e9s az aktu\u00e1lis \u00e9lethelyzeteddel. Ha c\u00e9lorient\u00e1lt vagy, keress sikerr\u0151l sz\u00f3l\u00f3 id\u00e9zeteket. Ha neh\u00e9z id\u0151szakon m\u00e9sz kereszt\u00fcl, a kitart\u00e1sr\u00f3l sz\u00f3l\u00f3 gondolatok seg\u00edthetnek. B\u00edzz az intu\u00edci\u00f3dban!\"\n      }\n    },\n    {\n      \"@type\": \"Question\",\n      \"name\": \"M\u0171k\u00f6dnek-e val\u00f3ban a motiv\u00e1ci\u00f3s id\u00e9zetek a hossz\u00fa t\u00e1v\u00fa v\u00e1ltoz\u00e1shoz?\",\n      \"acceptedAnswer\": {\n        \"@type\": \"Answer\",\n        \"text\": \"A motiv\u00e1ci\u00f3s id\u00e9zetek \u00f6nmagukban nem hoznak v\u00e1ltoz\u00e1st, de er\u0151s kataliz\u00e1torok lehetnek. Seg\u00edtenek fenntartani a pozit\u00edv gondolkod\u00e1st \u00e9s eml\u00e9keztetnek a c\u00e9ljainkra. A val\u00f3di v\u00e1ltoz\u00e1shoz azonban konkr\u00e9t cselekv\u00e9sekkel kell p\u00e1ros\u00edtani \u0151ket.\"\n      }\n    }\n  ]\n}\n<\/script>\n\n\n\n<div style=\"height:100px\" aria-hidden=\"true\" class=\"wp-block-spacer\"><\/div>\n\n\n\n<h2 class=\"wp-block-heading\" id=\"motivalo-idezetek\">Motiv\u00e1l\u00f3 id\u00e9zetek, minden napra egy id\u00e9zet<\/h2>\n\n\n\n<p>mindennapi motiv\u00e1ci\u00f3<\/p>\n\n\n\n<p>minden napra egy id\u00e9zet napt\u00e1r<\/p>\n\n\n\n<p>felt\u00f6lt\u0151d\u00e9s id\u00e9zetek<\/p>\n\n\n\n<p>motiv\u00e1ci\u00f3 minden napra<\/p>\n\n\n\n<p>minden nap egy \u00faj kezdet id\u00e9zetek<\/p>\n\n\n\n<p>napi motivacio, napi id\u00e9zet, motiv\u00e1l\u00f3 id\u00e9zetek er\u0151s n\u0151 id\u00e9zet, inspir\u00e1l\u00f3 id\u00e9zetek, <\/p>\n\n\n\n<p>l\u00e9gy pozit\u00edv id\u00e9zetek, motiv\u00e1ci\u00f3s \u00fczenetek, motivalo idezet, motiv\u00e1l\u00f3 \u00fczenetek, nap id\u00e9zetek, napi boldogs\u00e1g id\u00e9zetek,<\/p>\n\n\n\n<p>janu\u00e1r id\u00e9zet, febru\u00e1r id\u00e9zet, m\u00e1rcius id\u00e9zet, \u00e1prilis id\u00e9zet, m\u00e1jus id\u00e9zet, j\u00fanius id\u00e9zet, j\u00falius id\u00e9zet, augusztus id\u00e9zet, szeptember id\u00e9zet, okt\u00f3ber id\u00e9zet, november id\u00e9zet, december id\u00e9zet, 2025 id\u00e9zet, 365 id\u00e9zet , motiv\u00e1ci\u00f3s pozit\u00edv gondolatok, r\u00f6vid motiv\u00e1ci\u00f3s id\u00e9zetek, inspir\u00e1l\u00f3 motiv\u00e1ci\u00f3s id\u00e9zetek, r\u00f6vid napi pozit\u00edv gondolatok, pozit\u00edv gondolatok minden napra, napi id\u00e9zetek<\/p>\n<span class=\"et_bloom_bottom_trigger\"><\/span>","protected":false},"excerpt":{"rendered":"<p>Sind Sie durch Ihren Chef, Ihren Manager, Ihr Unternehmen, Ihre Kollegen ausreichend motiviert?<\/p>\n<p>Motivieren Sie Ihre Kollegen, Freunde, Bekannten, Familie genug?<\/p>\n<p>Hier ist Ihre Chance, nutzen Sie sie! Nutzen Sie sie, motivieren Sie andere und sich selbst<\/p>\n<p>Wir von CoachLab sind der Meinung und Erfahrung, dass wir uns im Leben nicht viel gegenseitig motivieren, geschweige denn uns selbst. Das m\u00fcssen wir uns zur Gewohnheit machen!<\/p>","protected":false},"author":1,"featured_media":252232,"comment_status":"closed","ping_status":"open","sticky":false,"template":"","format":"standard","meta":{"_et_pb_use_builder":"","_et_pb_old_content":"","_et_gb_content_width":"","footnotes":""},"categories":[169,1,149,111,83,293,80,58,105],"tags":[137,187,186,159,313],"class_list":["post-255968","post","type-post","status-publish","format-standard","has-post-thumbnail","hentry","category-motivacio","category-coaching","category-kieges-business-health-coaching","category-kieges","category-life-coaching","category-mentalis-egeszseg","category-online-coaching","category-stresszkezeles","category-tippek-es-trukkok","tag-motivacio","tag-motivacios-idezetek","tag-motivalo-idezetek","tag-motivaltsag","tag-napi-motivacio"],"_links":{"self":[{"href":"https:\/\/coachlab.hu\/de\/wp-json\/wp\/v2\/posts\/255968","targetHints":{"allow":["GET"]}}],"collection":[{"href":"https:\/\/coachlab.hu\/de\/wp-json\/wp\/v2\/posts"}],"about":[{"href":"https:\/\/coachlab.hu\/de\/wp-json\/wp\/v2\/types\/post"}],"author":[{"embeddable":true,"href":"https:\/\/coachlab.hu\/de\/wp-json\/wp\/v2\/users\/1"}],"replies":[{"embeddable":true,"href":"https:\/\/coachlab.hu\/de\/wp-json\/wp\/v2\/comments?post=255968"}],"version-history":[{"count":10,"href":"https:\/\/coachlab.hu\/de\/wp-json\/wp\/v2\/posts\/255968\/revisions"}],"predecessor-version":[{"id":259834,"href":"https:\/\/coachlab.hu\/de\/wp-json\/wp\/v2\/posts\/255968\/revisions\/259834"}],"wp:featuredmedia":[{"embeddable":true,"href":"https:\/\/coachlab.hu\/de\/wp-json\/wp\/v2\/media\/252232"}],"wp:attachment":[{"href":"https:\/\/coachlab.hu\/de\/wp-json\/wp\/v2\/media?parent=255968"}],"wp:term":[{"taxonomy":"category","embeddable":true,"href":"https:\/\/coachlab.hu\/de\/wp-json\/wp\/v2\/categories?post=255968"},{"taxonomy":"post_tag","embeddable":true,"href":"https:\/\/coachlab.hu\/de\/wp-json\/wp\/v2\/tags?post=255968"}],"curies":[{"name":"wp","href":"https:\/\/api.w.org\/{rel}","templated":true}]}}