{"id":15768058,"date":"2026-01-29T20:00:12","date_gmt":"2026-01-29T19:00:12","guid":{"rendered":"https:\/\/coachlab.hu\/?p=15768058"},"modified":"2026-01-29T20:01:10","modified_gmt":"2026-01-29T19:01:10","slug":"a-kozepvezetoi-reteg-eltunese","status":"publish","type":"post","link":"https:\/\/coachlab.hu\/de\/blog\/das-verschwinden-des-mitbestimmungsvorbehalts\/","title":{"rendered":"Das Verschwinden des mittleren Managements: Warum sind die F\u00fchrungskr\u00e4fte sich selbst \u00fcberlassen?"},"content":{"rendered":"<h2 class=\"wp-block-heading\"><a href=\"https:\/\/coachlab.hu\/de\/blog\/das-verschwinden-des-mitbestimmungsvorbehalts\/\">Das Verschwinden des mittleren Managements: Warum sind die F\u00fchrungskr\u00e4fte sich selbst \u00fcberlassen?<\/a><\/h2>\n\n\n\n<p>In den letzten Jahren hat die Rolle des mittleren Managers fast unbemerkt begonnen, aus den Organisationen zu verschwinden. Nicht \u00fcber Nacht, nicht durch erkl\u00e4rte Entscheidungen, sondern schrittweise, versteckt hinter Argumenten der \u201eEffizienz\u201d und \u201eAgilit\u00e4t\u201d. Aber die Folgen werden jetzt deutlicher: <strong>die F\u00fchrungskr\u00e4fte \u00fcbernehmen immer mehr Verantwortung bei immer weniger strukturierter Unterst\u00fctzung<\/strong>.<\/p>\n\n\n\n<p>In diesem Artikel wird untersucht, warum mittlere F\u00fchrungskr\u00e4fte in den Augen vieler Unternehmen zu einem \u201eLuxus\u201d geworden sind und wie dieser Prozess zum massenhaften Auftreten der Isolation von F\u00fchrungskr\u00e4ften beigetragen hat.<\/p>\n\n\n\n<hr class=\"wp-block-separator has-alpha-channel-opacity\"\/>\n\n\n\n<figure class=\"wp-block-image aligncenter size-full\"><img decoding=\"async\" width=\"640\" height=\"359\" src=\"https:\/\/coachlab.hu\/wp-content\/uploads\/A-kozepvezetoi-reteg-eltunese-miert-maradnak-magukra-a-vezetok-businessman-8989990_1280.webp\" alt=\"Das Verschwinden des mittleren Managements: Warum sind die F\u00fchrungskr\u00e4fte sich selbst \u00fcberlassen?\" class=\"wp-image-15768060\" srcset=\"https:\/\/coachlab.hu\/wp-content\/uploads\/A-kozepvezetoi-reteg-eltunese-miert-maradnak-magukra-a-vezetok-businessman-8989990_1280.webp 640w, https:\/\/coachlab.hu\/wp-content\/uploads\/A-kozepvezetoi-reteg-eltunese-miert-maradnak-magukra-a-vezetok-businessman-8989990_1280-480x269.webp 480w\" sizes=\"(min-width: 0px) and (max-width: 480px) 480px, (min-width: 481px) 640px, 100vw\" \/><figcaption class=\"wp-element-caption\">Das Verschwinden des mittleren Managements: Warum sind die F\u00fchrungskr\u00e4fte sich selbst \u00fcberlassen?<\/figcaption><\/figure>\n\n\n\n<h2 class=\"wp-block-heading\">Was hat das mittlere Management wirklich gegeben?<\/h2>\n\n\n\n<p>Die Rolle des mittleren Managers wird oft vereinfacht dargestellt: Weitergabe von Informationen, Berichterstattung, Kontrolle. Diese Darstellung passte gut zu den Entscheidungen, die die Verkleinerung der Ebene rechtfertigten. In der Realit\u00e4t jedoch ist der mittlere Manager <strong>war weit mehr als eine administrative Verbindung<\/strong>.<\/p>\n\n\n\n<p>Die mittleren F\u00fchrungskr\u00e4fte:<\/p>\n\n\n\n<ul class=\"wp-block-list\">\n<li>den Kontext f\u00fcr die Entscheidungen der Gesch\u00e4ftsleitung liefern,<\/li>\n\n\n\n<li>wurden von der strategischen Sprache in die operative Sprache \u00fcbersetzt,<\/li>\n\n\n\n<li>und filterte und interpretierte auch die Signale der Truppen nach oben.<\/li>\n<\/ul>\n\n\n\n<p>Diese Rolle ist eine Art <strong>Treiber-Amortisationsger\u00e4t<\/strong> war. Das lockerte die Spannung, gab Zeit zur Interpretation und Gelegenheit zur Korrektur. Wenn diese Schicht entfernt wird, ist die Organisation nicht schneller, sondern <strong>sch\u00e4rfer<\/strong>. Fehler werden schneller gemacht und die Probleme konzentrieren sich auf eine Person.<\/p>\n\n\n\n<hr class=\"wp-block-separator has-alpha-channel-opacity\"\/>\n\n\n\n<h2 class=\"wp-block-heading\">Warum ist das mittlere Management in den Augen der Unternehmen \u201e\u00fcberfl\u00fcssig\u201d geworden?<\/h2>\n\n\n\n<p>Die Reduzierung des mittleren Managements wird selten offen mit einer Verringerung der Unterst\u00fctzung f\u00fcr Manager begr\u00fcndet. Die formalen Argumente sind in der Regel:<\/p>\n\n\n\n<ul class=\"wp-block-list\">\n<li>flachere Hierarchie,<\/li>\n\n\n\n<li>schnellere Entscheidungsfindung,<\/li>\n\n\n\n<li>selbstorganisierende Teams.<\/li>\n<\/ul>\n\n\n\n<p>Diese Ziele sind an sich nicht problematisch. Das Problem beginnt, wenn <strong>die Struktur \u00e4ndert sich, aber die Logik der Verantwortung nicht<\/strong>. Das Gewicht der Entscheidungen bleibt bestehen und nimmt oft zu, da die Funktionen, die fr\u00fcher die F\u00fchrungsaufgaben wahrgenommen haben, verschwinden.<\/p>\n\n\n\n<p>Die Organisation geht davon aus, dass das autonome Team und der autonome Leiter es schon \u201ehinkriegen\u201d werden. Dies ist keine Autonomie, sondern <strong>nicht subventionierte \u00dcbertragung der Haftung<\/strong>.<\/p>\n\n\n\n<hr class=\"wp-block-separator has-alpha-channel-opacity\"\/>\n\n\n\n<h2 class=\"wp-block-heading\">Das <a href=\"https:\/\/coachlab.hu\/de\/blog\/coaching-von-neu-ernannten-fuhrungskraften\/\" target=\"_blank\" data-type=\"post\" data-id=\"251301\" rel=\"noreferrer noopener\">neu ernannte F\u00fchrungskr\u00e4fte<\/a> besonders anf\u00e4llig sind<\/h2>\n\n\n\n<p>Die Auswirkungen des Verschwindens des mittleren Managements sind bei neu ernannten F\u00fchrungskr\u00e4ften am deutlichsten. Sie treten oft in die Rolle ein, indem sie:<\/p>\n\n\n\n<ul class=\"wp-block-list\">\n<li>Es gibt kein Muster, dem sie folgen k\u00f6nnten,<\/li>\n\n\n\n<li>keine direkte Aufsichtsperson, die den Lernprozess \u00fcberwacht,<\/li>\n\n\n\n<li>und es gibt keinen Raum f\u00fcr Unsicherheit.<\/li>\n<\/ul>\n\n\n\n<p>Fr\u00fcher konnte eine neue F\u00fchrungskraft in die Rolle \u201ehineinpassen\u201d. Heute muss er oder sie oft schon in den ersten Monaten strategische Entscheidungen treffen, w\u00e4hrend sich seine oder ihre F\u00fchrungsidentit\u00e4t noch im Aufbau befindet. Diese Situation ist ein idealer N\u00e4hrboden f\u00fcr die Isolation von F\u00fchrungskr\u00e4ften.<\/p>\n\n\n\n<p>Mehr dar\u00fcber k\u00f6nnen Sie in einem anderen Artikel lesen:<br><strong><a href=\"https:\/\/coachlab.hu\/de\/blog\/wie-man-in-der-isolation-fahrt\/\" target=\"_blank\" rel=\"noreferrer noopener\">Isolation des Managers: Wie f\u00fchren Sie, wenn das Management unter Ihnen verschwindet und sich \u00fcber Sie erhebt?<\/a><\/strong><\/p>\n\n\n\n<hr class=\"wp-block-separator has-alpha-channel-opacity\"\/>\n\n\n\n<h2 class=\"wp-block-heading\">Der Mythos des \u201eselbstverwalteten Teams\u201d<\/h2>\n\n\n\n<p>Das Verschwinden der mittleren F\u00fchrungsebene wird h\u00e4ufig damit begr\u00fcndet, dass die Teams unabh\u00e4ngiger geworden sind. In der Praxis bedeutet \u201eSelbstverwaltung\u201d jedoch oft nichts anderes, als dass das Team <strong>weniger Beratung erhalten<\/strong>, und die Erwartungen bleiben hoch.<\/p>\n\n\n\n<p>Diese Situation f\u00fchrt paradoxerweise dazu, dass die Last wieder auf den Fahrer abgew\u00e4lzt wird:<\/p>\n\n\n\n<ul class=\"wp-block-list\">\n<li>Sie muss gleichzeitig Raum und einen Rahmen erhalten,<\/li>\n\n\n\n<li>Eigenst\u00e4ndigkeit f\u00f6rdern und Ergebnisse liefern,<\/li>\n\n\n\n<li>w\u00e4hrend es keinen \u00fcbergeordneten Akteur gibt, der seine Entscheidungen reflektiert.<\/li>\n<\/ul>\n\n\n\n<p>Diese Dynamik f\u00fchrt direkt zu dem, was CoachLab in seiner Fachsprache als <strong>unternehmerische Isolation<\/strong> nennen wir es.<\/p>\n\n\n\n<hr class=\"wp-block-separator has-alpha-channel-opacity\"\/>\n\n\n\n<h2 class=\"wp-block-heading\">Systemische Folgen, nicht individuelle Probleme<\/h2>\n\n\n\n<p>Es ist wichtig zu betonen: Die Folgen des Verschwindens des mittleren Managements <strong>sie sind kein Beweis f\u00fcr die \u201eUnf\u00e4higkeit\u201d der Verantwortlichen<\/strong>. Das Gegenteil ist der Fall. Die meisten der beteiligten F\u00fchrungskr\u00e4fte sind kompetent, engagiert und belastbar. Das Problem besteht darin, dass sie in einer Struktur arbeiten, die nicht gen\u00fcgend Feedback und R\u00fcckhalt bietet.<\/p>\n\n\n\n<p>Aus diesem Grund funktionieren auch individuelle \u201eL\u00f6sungen\u201d nicht:<\/p>\n\n\n\n<ul class=\"wp-block-list\">\n<li>h\u00e4rteres Fahren,<\/li>\n\n\n\n<li>die \u00fcberm\u00e4\u00dfige Rolle des Trainers,<\/li>\n\n\n\n<li>oder die Strategie \u201eIch werde mich daran gew\u00f6hnen\u201d.<\/li>\n<\/ul>\n\n\n\n<p>Isolation der F\u00fchrungskr\u00e4fte <strong>kein pers\u00f6nliches Fehlen<\/strong>, sondern ein organisatorisches Ph\u00e4nomen, das ein bewusstes Management erfordert.<\/p>\n\n\n\n<hr class=\"wp-block-separator has-alpha-channel-opacity\"\/>\n\n\n\n<h2 class=\"wp-block-heading\">Warum ist es wichtig, dar\u00fcber zu sprechen?<\/h2>\n\n\n\n<p>Solange das Verschwinden des mittleren Managements ausschlie\u00dflich als Effizienzproblem behandelt wird, sind die Manager mit den Folgen allein gelassen. Die eigentliche Frage lautet nicht \u201eBrauchen wir das mittlere Management\u201d, sondern <strong>wer und wie die Funktionen aus\u00fcbt, die zuvor von<\/strong>.<\/p>\n\n\n\n<p>Wenn diese Funktionen nicht bewusst neu \u00fcberdacht werden, wird die Organisation stillschweigend isolierte F\u00fchrungskr\u00e4fte hervorbringen. Langfristig schw\u00e4cht dies die Funktion eher, als dass es sie f\u00f6rdert.<\/p>\n\n\n\n<hr class=\"wp-block-separator has-alpha-channel-opacity\"\/>\n\n\n\n<h3 class=\"wp-block-heading\">Weiterf\u00fchrende Lekt\u00fcre zu diesem Thema:<\/h3>\n\n\n\n<p><a href=\"https:\/\/coachlab.hu\/de\/blog\/wie-man-in-der-isolation-fahrt\/\" target=\"_blank\" rel=\"noreferrer noopener\"><strong>Isolation des Managers: Wie f\u00fchren Sie, wenn das Management unter Ihnen verschwindet und sich \u00fcber Sie erhebt?<\/strong> <\/a>- Artikel \u00fcber den gesamten Kontext des Ph\u00e4nomens.<\/p>\n<span class=\"et_bloom_bottom_trigger\"><\/span>","protected":false},"excerpt":{"rendered":"<p>A k\u00f6z\u00e9pvezet\u0151i r\u00e9teg elt\u0171n\u00e9se: mi\u00e9rt maradnak magukra a vezet\u0151k? Az elm\u00falt \u00e9vekben a k\u00f6z\u00e9pvezet\u0151i szerep szinte \u00e9szrev\u00e9tlen\u00fcl kezdett elt\u0171nni a szervezetekb\u0151l. Nem egyik napr\u00f3l a m\u00e1sikra, nem deklar\u00e1lt d\u00f6nt\u00e9sek ment\u00e9n, hanem fokozatosan, \u201ehat\u00e9konys\u00e1gi\u201d \u00e9s \u201eagilit\u00e1si\u201d \u00e9rvek m\u00f6g\u00e9 b\u00fajtatva. A k\u00f6vetkezm\u00e9ny azonban ma m\u00e1r egyre vil\u00e1gosabb: a vezet\u0151k egyre nagyobb felel\u0151ss\u00e9get viselnek egyre kevesebb struktur\u00e1lt t\u00e1mogat\u00e1ssal. [&hellip;]<\/p>\n","protected":false},"author":1,"featured_media":15768060,"comment_status":"closed","ping_status":"open","sticky":false,"template":"","format":"standard","meta":{"_et_pb_use_builder":"","_et_pb_old_content":"","_et_gb_content_width":"","footnotes":""},"categories":[350,81],"tags":[],"class_list":["post-15768058","post","type-post","status-publish","format-standard","has-post-thumbnail","hentry","category-fiatal-vezetok","category-executive-coaching"],"_links":{"self":[{"href":"https:\/\/coachlab.hu\/de\/wp-json\/wp\/v2\/posts\/15768058","targetHints":{"allow":["GET"]}}],"collection":[{"href":"https:\/\/coachlab.hu\/de\/wp-json\/wp\/v2\/posts"}],"about":[{"href":"https:\/\/coachlab.hu\/de\/wp-json\/wp\/v2\/types\/post"}],"author":[{"embeddable":true,"href":"https:\/\/coachlab.hu\/de\/wp-json\/wp\/v2\/users\/1"}],"replies":[{"embeddable":true,"href":"https:\/\/coachlab.hu\/de\/wp-json\/wp\/v2\/comments?post=15768058"}],"version-history":[{"count":3,"href":"https:\/\/coachlab.hu\/de\/wp-json\/wp\/v2\/posts\/15768058\/revisions"}],"predecessor-version":[{"id":15768062,"href":"https:\/\/coachlab.hu\/de\/wp-json\/wp\/v2\/posts\/15768058\/revisions\/15768062"}],"wp:featuredmedia":[{"embeddable":true,"href":"https:\/\/coachlab.hu\/de\/wp-json\/wp\/v2\/media\/15768060"}],"wp:attachment":[{"href":"https:\/\/coachlab.hu\/de\/wp-json\/wp\/v2\/media?parent=15768058"}],"wp:term":[{"taxonomy":"category","embeddable":true,"href":"https:\/\/coachlab.hu\/de\/wp-json\/wp\/v2\/categories?post=15768058"},{"taxonomy":"post_tag","embeddable":true,"href":"https:\/\/coachlab.hu\/de\/wp-json\/wp\/v2\/tags?post=15768058"}],"curies":[{"name":"wp","href":"https:\/\/api.w.org\/{rel}","templated":true}]}}