{"id":15768048,"date":"2026-01-29T19:35:00","date_gmt":"2026-01-29T18:35:00","guid":{"rendered":"https:\/\/coachlab.hu\/?p=15768048"},"modified":"2026-02-01T11:07:37","modified_gmt":"2026-02-01T10:07:37","slug":"vezetoi-elszigeteltseg-hogyan-vezess","status":"publish","type":"post","link":"https:\/\/coachlab.hu\/de\/blog\/wie-man-in-der-isolation-fahrt\/","title":{"rendered":"Isolation des Managers: Wie f\u00fchren Sie, wenn das Management unter Ihnen verschwindet und sich \u00fcber Sie erhebt?"},"content":{"rendered":"<h2 class=\"wp-block-heading\"><a href=\"https:\/\/coachlab.hu\/de\/blog\/wie-man-in-der-isolation-fahrt\/\">Isolation des Managers: Wie f\u00fchren Sie, wenn das Management unter Ihnen verschwindet und sich \u00fcber Sie erhebt?<\/a><\/h2>\n\n\n\n<p>Die Isolierung von F\u00fchrungskr\u00e4ften ist kein pers\u00f6nliches Versagen, sondern eine strukturelle Begleiterscheinung moderner Organisationen. Mit dem R\u00fcckgang des mittleren Managements finden sich immer mehr F\u00fchrungskr\u00e4fte in einer Position mit zunehmender Verantwortung wieder, w\u00e4hrend die klassische Unterst\u00fctzung der F\u00fchrung verschwindet. Es gibt keinen Vorgesetzten, der die Richtung vorgibt, und keinen organisatorischen Raum, in dem Entscheidungsdilemmata sicher auftauchen k\u00f6nnen.<\/p>\n\n\n\n<p>Wir gehen der Frage nach, wie sich die Isolation von F\u00fchrungskr\u00e4ften entwickelt, warum sie insbesondere neu ernannte F\u00fchrungskr\u00e4fte betrifft und warum weder \u00fcberm\u00e4\u00dfige Kontrolle noch eine \u201eCoach-alles\u201d-Haltung die L\u00f6sung sind. Es wird aufgezeigt, wie Entscheidungseinsamkeit zu einem individuellen und organisatorischen Risiko wird und welche alternativen Formen der Unterst\u00fctzung zu einer nachhaltigeren F\u00fchrung ohne ein hierarchisches Sicherheitsnetz beitragen k\u00f6nnen.<\/p>\n\n\n\n<p>Unser Ziel ist es nicht, schnelle Antworten zu geben, sondern einen Denkrahmen zu bieten, der F\u00fchrungskr\u00e4ften hilft zu erkennen, dass Autonomie nicht Einsamkeit bedeutet und dass um Hilfe zu bitten keine Schw\u00e4che, sondern eine Reife der F\u00fchrung ist.<\/p>\n\n\n\n\n\n<h2 class=\"wp-block-heading\"><a href=\"https:\/\/coachlab.hu\/de\/blog\/neue-fuhrungskrafte-neue-herausforderungen-eine-glaubwurdige-fuhrungskraft-werden\/\" target=\"_blank\" data-type=\"post\" data-id=\"260382\" rel=\"noreferrer noopener\">An der Schwelle zu einer neuen F\u00fchrungsrealit\u00e4t<\/a><\/h2>\n\n\n\n<p>In den letzten Jahren berichten immer mehr neu ernannte F\u00fchrungskr\u00e4fte \u00fcber die gleichen Erfahrungen, unabh\u00e4ngig von Branche und Unternehmensgr\u00f6\u00dfe: <strong>die Unterst\u00fctzung des Managements kommt nicht mit der Ernennung<\/strong>.<br>Kein Vorgesetzter, der Ihnen regelm\u00e4\u00dfig Anweisungen gibt.<br>Es gibt keinen \u201ePuffer\u201d im mittleren Management, der die Spannungen d\u00e4mpft.<br>Das Team ist autonom - so wird es genannt - und gleichzeitig unsicher.<\/p>\n\n\n\n<p>Es handelt sich nicht um ein individuelles Versagen, sondern <strong>strukturelles Ph\u00e4nomen<\/strong>.<br>Dies wird als <strong>unternehmerische Isolation<\/strong>.<\/p>\n\n\n\n<p>Dieser Artikel befasst sich mit dem Problem, mit dem Tausende von Managern heute konfrontiert sind:<\/p>\n\n\n\n<blockquote class=\"wp-block-quote is-layout-flow wp-block-quote-is-layout-flow\">\n<p>Wie kann man gut f\u00fchren, wenn es die klassische Managementstruktur nicht mehr gibt, die Erwartungen aber hoch bleiben?<\/p>\n<\/blockquote>\n\n\n\n<h2 class=\"wp-block-heading\">Was ist Isolation von F\u00fchrungskr\u00e4ften?<\/h2>\n\n\n\n<p><strong>Isolation der F\u00fchrungskr\u00e4fte<\/strong> ist die Situation, in der ein Fahrer:<\/p>\n\n\n\n<ul class=\"wp-block-list\">\n<li>f\u00f6rmlich die Verantwortung \u00fcbertragen wird,<\/li>\n\n\n\n<li>aber keine strukturierte Managementunterst\u00fctzung,<\/li>\n\n\n\n<li>w\u00e4hrend die Auswirkungen ihrer Entscheidungen auf organisatorischer Ebene erheblich sind.<\/li>\n<\/ul>\n\n\n\n<p>Ein wichtiger Unterschied:<br>Dies ist <strong>nicht<\/strong> eine Frage der Pers\u00f6nlichkeit, nicht der Introvertiertheit und auch nicht der \u201eUnf\u00e4higkeit des Managements\u201d.<\/p>\n\n\n\n<p>Die Isolation der F\u00fchrung:<\/p>\n\n\n\n<ul class=\"wp-block-list\">\n<li>eine Folge der organisatorischen Gestaltung,<\/li>\n\n\n\n<li>ein Nebeneffekt der abgeflachten Hierarchien,<\/li>\n\n\n\n<li>und die falsche Anwendung der \u201eSelbstf\u00fchrung\u201d.<\/li>\n<\/ul>\n\n\n\n<p><strong>Verwandter Inhalt:<\/strong><br><em>\u201eDas Verschwinden des mittleren Managements: Warum verschwindet das Sicherheitsnetz der F\u00fchrungskr\u00e4fte?\u201d<\/em><\/p>\n\n\n\n<hr class=\"wp-block-separator has-alpha-channel-opacity\"\/>\n\n\n\n<h2 class=\"wp-block-heading\">Wie sind wir hierher gekommen? - Der Niedergang des mittleren Managements<\/h2>\n\n\n\n<p>In den letzten zehn Jahren haben gro\u00dfe Unternehmen bewusst die traditionellen Strukturen des mittleren Managements abgebaut. Die Gr\u00fcnde daf\u00fcr sind bekannt:<\/p>\n\n\n\n<ul class=\"wp-block-list\">\n<li>schnellere Entscheidungsfindung,<\/li>\n\n\n\n<li>Kostenwirksamkeit,<\/li>\n\n\n\n<li>autonome, \u201eerm\u00e4chtigte\u201d Teams.<\/li>\n<\/ul>\n\n\n\n<p>In der Praxis ist dies jedoch h\u00e4ufig der Fall:<\/p>\n\n\n\n<ul class=\"wp-block-list\">\n<li>das <strong>Abw\u00e4rtsverantwortung<\/strong>,<\/li>\n\n\n\n<li>das <strong>Unterst\u00fctzung nach au\u00dfen<\/strong>,<\/li>\n\n\n\n<li>von <strong>und Rechenschaftspflicht gegen\u00fcber einer Person<\/strong> wurde vermieden.<\/li>\n<\/ul>\n\n\n\n<p>Das war fr\u00fcher der mittlere Manager:<\/p>\n\n\n\n<ul class=\"wp-block-list\">\n<li>umgedreht,<\/li>\n\n\n\n<li>gefiltert,<\/li>\n\n\n\n<li>gab Kontext.<\/li>\n<\/ul>\n\n\n\n<p>Mit der K\u00fcndigung des neu ernannten Leiters <strong>in ein Vakuum<\/strong>.<\/p>\n\n\n\n<p><strong>Verwandter Inhalt:<\/strong><br><em>\u201eDas Ende des Managements? - Was bedeutet das wirklich f\u00fcr Manager?\u201d<\/em><\/p>\n\n\n\n<hr class=\"wp-block-separator has-alpha-channel-opacity\"\/>\n\n\n\n<h2 class=\"wp-block-heading\">Das F\u00fchrungsparadoxon: \u201eCoach sein, aber liefern\u201d<\/h2>\n\n\n\n<p>Eine der h\u00e4ufigsten Erwartungen an neue F\u00fchrungskr\u00e4fte lautet heute:<\/p>\n\n\n\n<blockquote class=\"wp-block-quote is-layout-flow wp-block-quote-is-layout-flow\">\n<p>\u201eDas geht nicht, Coach.\u201d<\/p>\n<\/blockquote>\n\n\n\n<p>Dies ist an sich kein Problem.<br>Das Problem beginnt, wenn es <strong>Strukturzuschl\u00e4ge<\/strong> wird.<\/p>\n\n\n\n<p>Der Fahrer zur gleichen Zeit:<\/p>\n\n\n\n<ul class=\"wp-block-list\">\n<li>unterst\u00fctzend sein,<\/li>\n\n\n\n<li>vorherrschen sollte,<\/li>\n\n\n\n<li>rechenschaftspflichtig sein,<\/li>\n\n\n\n<li>aber seien Sie kein \u201eChef\u201d.<\/li>\n<\/ul>\n\n\n\n<p>Dies ist <strong>Rollenkonflikt<\/strong> schafft eine langfristige Perspektive:<\/p>\n\n\n\n<ul class=\"wp-block-list\">\n<li>Unsicherheit,<\/li>\n\n\n\n<li>um eine Entscheidung zu treffen,<\/li>\n\n\n\n<li>oder zu einer \u00dcberkontrolle f\u00fchren.<\/li>\n<\/ul>\n\n\n\n<p><strong>Verwandter Inhalt:<\/strong><br><em>\u201eCoach oder Chef? Warum die Trainer-Manager-Erwartung scheitert\u201d<\/em><\/p>\n\n\n\n<hr class=\"wp-block-separator has-alpha-channel-opacity\"\/>\n\n\n\n<h2 class=\"wp-block-heading\">Selbstf\u00fchrung: ein missverstandenes Konzept mit realen Folgen<\/h2>\n\n\n\n<p>Die urspr\u00fcngliche Bedeutung von \u201eSelbstf\u00fchrung\u201d:<\/p>\n\n\n\n<ul class=\"wp-block-list\">\n<li>interner Kompass,<\/li>\n\n\n\n<li>Verantwortung \u00fcbernehmen,<\/li>\n\n\n\n<li>autonome Entscheidungsfindung.<\/li>\n<\/ul>\n\n\n\n<p>In der organisatorischen Praxis bedeutet dies jedoch h\u00e4ufig:<\/p>\n\n\n\n<ul class=\"wp-block-list\">\n<li>\u201eK\u00fcmmert euch selbst darum\u201d,<\/li>\n\n\n\n<li>\u201edas Problem nicht ansprechen\u201d,<\/li>\n\n\n\n<li>\u201eUnabh\u00e4ngig, aber tadellos sein\u201d.<\/li>\n<\/ul>\n\n\n\n<p>Dies ist keine Erm\u00e4chtigung, sondern <strong>delegierte Einsamkeit<\/strong>.<\/p>\n\n\n\n<p><strong>Verwandter Inhalt:<\/strong><br><em>\u201eSelbstf\u00fchrung \u2260 einsame F\u00fchrung\u201d<\/em><\/p>\n\n\n\n<hr class=\"wp-block-separator has-alpha-channel-opacity\"\/>\n\n\n\n<h2 class=\"wp-block-heading\">Wie \u00e4u\u00dfert sich die Isolation der F\u00fchrungskr\u00e4fte im Alltag?<\/h2>\n\n\n\n<p>Das Ph\u00e4nomen ist selten dramatisch. Vielmehr ist es <strong>ruhig und erodierend<\/strong>.<\/p>\n\n\n\n<p>Typische Symptome:<\/p>\n\n\n\n<ul class=\"wp-block-list\">\n<li>niemanden, der die Entscheidungen best\u00e4tigt,<\/li>\n\n\n\n<li>Sie m\u00fcssen f\u00fcr das Team \u201estabil\u201d aussehen,<\/li>\n\n\n\n<li>Nach oben kann man nur \u00fcber Ergebnisse sprechen,<\/li>\n\n\n\n<li>Dilemmas passen nicht in Statussitzungen.<\/li>\n<\/ul>\n\n\n\n<p>Dies ist die <strong>Entscheidung Einsamkeit<\/strong> ist einer der am wenigsten diskutierten Managementstressoren.<\/p>\n\n\n\n<p><strong>Verwandter Inhalt:<\/strong><br><em>\u201eEntscheidung Einsamkeit: Wenn man niemanden zum Reden hat\u201d<\/em><\/p>\n\n\n\n<hr class=\"wp-block-separator has-alpha-channel-opacity\"\/>\n\n\n\n<h2 class=\"wp-block-heading\">Warum ist es gef\u00e4hrlich, dies zu normalisieren?<\/h2>\n\n\n\n<p>Viele F\u00fchrungskr\u00e4fte sagen:<\/p>\n\n\n\n<blockquote class=\"wp-block-quote is-layout-flow wp-block-quote-is-layout-flow\">\n<p>\u201eDas ist Teil der Position.\u201d<\/p>\n<\/blockquote>\n\n\n\n<p>In der Tat:<\/p>\n\n\n\n<ul class=\"wp-block-list\">\n<li>Die chronische Isolation beeintr\u00e4chtigt die Qualit\u00e4t der Entscheidungsfindung,<\/li>\n\n\n\n<li>erh\u00f6ht das Risiko eines Burnouts,<\/li>\n\n\n\n<li>und verzerrt die Selbstreflexion.<\/li>\n<\/ul>\n\n\n\n<p>Der Fahrer ist zunehmend <strong>lebt in einem inneren Monolog<\/strong>, ohne Au\u00dfenspiegel.<\/p>\n\n\n\n<p><strong>Verwandter Inhalt:<\/strong><br><em>\u201eWarum sprechen die Verantwortlichen nicht \u00fcber Isolation?\u201d<\/em><\/p>\n\n\n\n<hr class=\"wp-block-separator has-alpha-channel-opacity\"\/>\n\n\n\n<h2 class=\"wp-block-heading\">\u00dcbertragung auf den L\u00f6sungsrahmen<\/h2>\n\n\n\n<p>Isolation der F\u00fchrungskr\u00e4fte <strong>nicht durch Motivation beseitigt werden kann<\/strong>.<br>Keine Frage der Ausbildung.<br>Nicht \u201ebesseres Zeitmanagement\u201d.<\/p>\n\n\n\n<p>Dies ist <strong>Struktur, Rolle und Gestaltung der Unterst\u00fctzung<\/strong>.<\/p>\n\n\n\n<p>Ich werde in den folgenden Teilen dieses Artikels mehr dazu sagen:<\/p>\n\n\n\n<ul class=\"wp-block-list\">\n<li>mi <strong>nicht<\/strong> L\u00f6sung,<\/li>\n\n\n\n<li>welche Alternativen funktionieren,<\/li>\n\n\n\n<li>und wie man bewusst eine <a href=\"https:\/\/coachbp.hu\/\" target=\"_blank\" rel=\"noreferrer noopener\">Coaching von F\u00fchrungsunterst\u00fctzungssystemen<\/a> Ansatz.<\/li>\n<\/ul>\n\n\n\n<p>Verstanden.<br>Die Fortf\u00fchrung <strong>flie\u00dfender, analytisch-beschreibender Text<\/strong> mit weniger Listen, mehr Kontext und einem erz\u00e4hlerischen Bogen. Ich verwende Listen nur dort, wo SEO oder kognitives Tagging es wirklich rechtfertigen.<\/p>\n\n\n\n<p>Die folgenden <strong>Teil 2<\/strong> bereits im entsprechenden Stil erstellt wurden, und <strong>st\u00fctzt sich ganzheitlich auf<\/strong> f\u00fcr Teil 1. Auch s\u00e4ulenkompatibel, mit internen Verkn\u00fcpfungspunkten.<\/p>\n\n\n\n<hr class=\"wp-block-separator has-alpha-channel-opacity\"\/>\n\n\n\n<h2 class=\"wp-block-heading\">Was keine L\u00f6sung f\u00fcr die Isolation von F\u00fchrungskr\u00e4ften ist - und warum die meisten \u201egut gemeinten\u201d Strategien scheitern<\/h2>\n\n\n\n<p>Das <a href=\"https:\/\/coachlab.hu\/de\/blog\/fallen-fur-manager-und-strategien-fur-neulinge\/\" title=\"Leadership-Fallen und Wachstumsstrategien\" target=\"_blank\" rel=\"noopener\">eine der gr\u00f6\u00dften Fallstricke f\u00fcr die Isolation von Managern<\/a>dass <strong>arbeitet als unsichtbares Problem<\/strong>. Keine spezifischen Symptome, die durch einen KPI oder ein Dashboard angezeigt werden. Es taucht nicht in Leistungsbeurteilungen auf und wird selten in Managementforen diskutiert. Deshalb sind die Reaktionen darauf oft intuitiv, gut gemeint - und doch unwirksam.<\/p>\n\n\n\n<p>Die meisten Organisationen erkennen nicht, aber <strong>umgeht<\/strong> dieses Ph\u00e4nomen. Und die F\u00fchrungskraft, der es an Unterst\u00fctzung fehlt, versucht, L\u00f6sungen f\u00fcr eine Situation zu finden, die systemisch ist.<\/p>\n\n\n\n<h3 class=\"wp-block-heading\">Der \u201eIch werde mich abh\u00e4rten\u201d-Reflex<\/h3>\n\n\n\n<p>Eine der h\u00e4ufigsten Reaktionen auf Isolation ist die Verst\u00e4rkung der inneren Starrheit. Die F\u00fchrungskraft hat das Gef\u00fchl, dass sie, wenn sie schon niemanden hat, mit dem sie ihre Dilemmata teilen kann, wenigstens <strong>Sie m\u00fcssen die Kontrolle aus\u00fcben<\/strong>. Entscheidungen werden schneller getroffen, die Kommunikation direkter, die Grenzen sch\u00e4rfer.<\/p>\n\n\n\n<p>Kurzfristig k\u00f6nnte dies funktionieren. Das Team hat eine klarere Richtung vor Augen und die Unsicherheit wird verringert. Langfristig isoliert es jedoch die F\u00fchrungskraft <strong>von Ihrem eigenen Team<\/strong>. Das Feedback verz\u00f6gert sich, aufkommende Probleme werden hinausgez\u00f6gert oder verzerrt, und die F\u00fchrungskraft wird mit ihren Entscheidungen noch mehr allein gelassen.<\/p>\n\n\n\n<p>Dies ist keine Frage der autorit\u00e4ren F\u00fchrung, sondern <strong>Reaktion auf eine ungest\u00fctzte Situation<\/strong>.<\/p>\n\n\n\n<h3 class=\"wp-block-heading\">Die \u00fcberm\u00e4\u00dfige Rolle des Coaches als Fluchtweg<\/h3>\n\n\n\n<p>Die andere h\u00e4ufige Richtung ist das Gegenteil: Der Leiter schl\u00fcpft v\u00f6llig in die Rolle des Coaches. Da es keine Unterst\u00fctzung nach oben gibt, versucht er, nach unten die Sicherheit zu schaffen, die er selbst nicht hat. Er stellt Fragen, unterst\u00fctzt, gibt Raum, h\u00f6rt zu.<\/p>\n\n\n\n<p>Dies ist an sich schon eine wertvolle F\u00fchrungsqualifikation. Das Problem beginnt, wenn das Coaching <strong>ersetzt das Management<\/strong>, statt sie zu erg\u00e4nzen. Entscheidungen werden aufgeschoben, Zust\u00e4ndigkeiten verwischt und das Team wird unsicher, wer das letzte Wort hat.<\/p>\n\n\n\n<p>Die F\u00fchrungskraft befindet sich in einer paradoxen Situation: Sie tut ihr Bestes f\u00fcr das Team, aber sie f\u00fchlt sich immer weniger als F\u00fchrungskraft. Diese Dynamik verdient einen eigenen Artikel, denn sie ist eine der h\u00e4ufigsten Ursachen f\u00fcr ein stilles Burnout.<\/p>\n\n\n\n<p><em>Verwandter Inhalt:<\/em> <strong>Coach oder Chef? Warum die Coach-Manager-Erwartung scheitert<\/strong><\/p>\n\n\n\n<h3 class=\"wp-block-heading\">\u201eIch stehe das schon durch\u201d - Normalisierung der Isolation<\/h3>\n\n\n\n<p>Die vielleicht gef\u00e4hrlichste Strategie ist, wenn der Anf\u00fchrer <strong>normalisieren<\/strong> Ihre Situation. Sie akzeptiert, dass Entscheidungen einsam sind, dass es niemanden gibt, mit dem man Dilemmata besprechen kann, dass Ungewissheit \u201eTeil der Situation\u201d ist.<\/p>\n\n\n\n<p>Diese Denkweise ist vor allem bei erfahrenen Managern verbreitet, die bereits mehrere organisatorische Umgestaltungen hinter sich haben. Das Problem liegt nicht in der Anpassungsf\u00e4higkeit, sondern in der F\u00e4higkeit der F\u00fchrungskraft <strong>seinen eigenen Anspruch auf Beihilfe aufgibt<\/strong>.<\/p>\n\n\n\n<p>Aber Autofahren ist kein einsamer Sport. Auf lange Sicht verzerrt die Isolation das Urteilsverm\u00f6gen, verengt die Perspektive und l\u00e4sst die Selbstreflexion allm\u00e4hlich schwinden.<\/p>\n\n\n\n<p><em>Verwandter Inhalt:<\/em> <strong>Warum sprechen die Verantwortlichen nicht \u00fcber Isolation?<\/strong><\/p>\n\n\n\n<hr class=\"wp-block-separator has-alpha-channel-opacity\"\/>\n\n\n\n<figure class=\"wp-block-image aligncenter size-full\"><img decoding=\"async\" width=\"1280\" height=\"1253\" src=\"https:\/\/coachlab.hu\/wp-content\/uploads\/Vezetoi-elszigeteltseg-hogyan-vezess-amikor-a-menedzsment-eltunik-alolad-es-foluled-ai-generated-8051239_640.webp\" alt=\"Isolation des Managers: Wie f\u00fchren Sie, wenn das Management unter Ihnen verschwindet und sich \u00fcber Sie erhebt?\" class=\"wp-image-15768052\" srcset=\"https:\/\/coachlab.hu\/wp-content\/uploads\/Vezetoi-elszigeteltseg-hogyan-vezess-amikor-a-menedzsment-eltunik-alolad-es-foluled-ai-generated-8051239_640.webp 1280w, https:\/\/coachlab.hu\/wp-content\/uploads\/Vezetoi-elszigeteltseg-hogyan-vezess-amikor-a-menedzsment-eltunik-alolad-es-foluled-ai-generated-8051239_640-980x959.webp 980w, https:\/\/coachlab.hu\/wp-content\/uploads\/Vezetoi-elszigeteltseg-hogyan-vezess-amikor-a-menedzsment-eltunik-alolad-es-foluled-ai-generated-8051239_640-480x470.webp 480w\" sizes=\"(min-width: 0px) and (max-width: 480px) 480px, (min-width: 481px) and (max-width: 980px) 980px, (min-width: 981px) 1280px, 100vw\" \/><figcaption class=\"wp-element-caption\">Isolation des Managers: Wie f\u00fchren Sie, wenn das Management unter Ihnen verschwindet und sich \u00fcber Sie erhebt?<\/figcaption><\/figure>\n\n\n\n<h2 class=\"wp-block-heading\">Die eigentliche Frage ist: Was braucht eine isolierte F\u00fchrungskraft?<\/h2>\n\n\n\n<p>Um \u00fcber echte L\u00f6sungen zu sprechen, m\u00fcssen wir zun\u00e4chst ein grundlegendes Missverst\u00e4ndnis ausr\u00e4umen. Isolation der Manager <strong>nicht emotionaler Mangel<\/strong>, sondern ein strukturelles Defizit. Nicht Empathie, sondern <strong>Reflexion und Kontext<\/strong> erfordern.<\/p>\n\n\n\n<p>Was eine isolierte F\u00fchrungskraft vor allem braucht, ist nicht Motivation, sondern:<\/p>\n\n\n\n<ul class=\"wp-block-list\">\n<li>Ihr Denken sollte strukturiert sein,<\/li>\n\n\n\n<li>seine Dilemmata legitimiert sind,<\/li>\n\n\n\n<li>und einen Raum zu haben, in dem man nicht eine Rolle spielt, sondern denkt.<\/li>\n<\/ul>\n\n\n\n<p>Hier kann Coaching, richtig verstanden, einen echten Wert schaffen. Nicht als \u201esanfte Unterst\u00fctzung\u201d, sondern als <strong>Management-Denken Infrastruktur<\/strong>.<\/p>\n\n\n\n<p><em>Verwandter Inhalt:<\/em> <strong>Peer Support, Mentoring, Coaching - wozu dient das eigentlich?<\/strong><\/p>\n\n\n\n<hr class=\"wp-block-separator has-alpha-channel-opacity\"\/>\n\n\n\n<h2 class=\"wp-block-heading\">Was sind die Auswirkungen f\u00fcr Organisationen und Manager?<\/h2>\n\n\n\n<p>Die Isolation von F\u00fchrungskr\u00e4ften kann nicht durch ein einziges Instrument beseitigt werden. Sie erfordert eine bewusste Entscheidung sowohl auf organisatorischer als auch auf individueller Ebene. Der erste Schritt ist nicht die L\u00f6sung, sondern das Erkennen: <strong>diese Situation ist nicht ungew\u00f6hnlich, aber auch nicht nachhaltig<\/strong>.<\/p>\n\n\n\n<p>Wir werden dies im n\u00e4chsten Teil dieses Pfeilerartikels ausf\u00fchrlicher behandeln:<\/p>\n\n\n\n<ul class=\"wp-block-list\">\n<li>wie man ein Unterst\u00fctzungssystem ohne Hierarchie aufbaut,<\/li>\n\n\n\n<li>welche praktikablen Muster f\u00fcr isolierte F\u00fchrungskr\u00e4fte existieren,<\/li>\n\n\n\n<li>und wann und in welcher Form das Coaching in diesem System stattfinden soll.<\/li>\n<\/ul>\n\n\n\n<h2 class=\"wp-block-heading\">F\u00fchrung ohne Unterst\u00fctzungssystem - Arbeitsmodelle und echte Alternativen<\/h2>\n\n\n\n<p>Wenn eine F\u00fchrungskraft feststellt, dass sie sich in einer isolierten Situation befindet, lautet die erste instinktive Frage meist:<br>\u201eWas kann ich anders machen?\u201d<\/p>\n\n\n\n<p>Dies ist verst\u00e4ndlich, aber irref\u00fchrend. In der Tat ist die Isolierung von F\u00fchrungskr\u00e4ften nicht in erster Linie <strong>Verhalten<\/strong>aber <strong>Rahmenproblem<\/strong>. Die Frage ist nicht, wie man besser kommuniziert, sondern wie man <strong>wo und mit wem Sie \u00fcber Ihre Rolle hinaus denken k\u00f6nnen<\/strong>.<\/p>\n\n\n\n<p>F\u00fchrungskr\u00e4fte, die in dieser Situation gute Leistungen erbringen, \u201e\u00fcberleben\u201d nicht, sondern <strong>alternative Unterst\u00fctzungsstrukturen aufbauen<\/strong>. Sie sind selten spektakul\u00e4r, aber sie sind best\u00e4ndig.<\/p>\n\n\n\n<h3 class=\"wp-block-heading\">Der entscheidende Wandel: F\u00fchrung als Denkaufgabe<\/h3>\n\n\n\n<p>Einer der gr\u00f6\u00dften Fehler, den isolierte F\u00fchrungskr\u00e4fte machen, ist, dass sie weiterhin in erster Linie f\u00fchren. <strong>als Aktion<\/strong> gedeutet werden. Entscheidungen, Diskussionen, Anleitung, Feedback. Dies sind zwar sichtbare Teile der F\u00fchrung, aber in einem isolierten Umfeld verschiebt sich der Schwerpunkt.<\/p>\n\n\n\n<p>Beim Autofahren geht es in dieser Situation vor allem um <strong>Denkarbeit<\/strong>:<\/p>\n\n\n\n<ul class=\"wp-block-list\">\n<li>Kontextualisierung,<\/li>\n\n\n\n<li>Dilemmata zu formulieren,<\/li>\n\n\n\n<li>Folgen zweiter Ordnung zu durchschauen.<\/li>\n<\/ul>\n\n\n\n<p>Das Problem ist, dass die meisten Manager so denken <strong>endet in einem inneren Monolog<\/strong>, ohne externe Strukturierung. Langfristig f\u00fchrt dies zu einer Verengung des Marktes. Nicht weil der Marktf\u00fchrer nicht klug genug ist, sondern weil <strong>keine Feedback-Schnittstelle<\/strong>.<\/p>\n\n\n\n<p>An dieser Stelle wird die Frage der Unterst\u00fctzungssysteme unvermeidlich.<\/p>\n\n\n\n<hr class=\"wp-block-separator has-alpha-channel-opacity\"\/>\n\n\n\n<h2 class=\"wp-block-heading\">Was kann die fehlende Hierarchie ausf\u00fcllen?<\/h2>\n\n\n\n<p>Es ist wichtig, sich dar\u00fcber im Klaren zu sein, dass es keinen einheitlichen \u201eErsatz\u201d f\u00fcr die klassische Befehlskette gibt. Aber einige ihrer Funktionen <strong>kann bewusst wieder aufgebaut werden<\/strong>.<\/p>\n\n\n\n<p>Die alte Hierarchie gab dem Anf\u00fchrer drei Dinge:<\/p>\n\n\n\n<ol class=\"wp-block-list\">\n<li>Perspektive,<\/li>\n\n\n\n<li>Legitimit\u00e4t,<\/li>\n\n\n\n<li>Entscheidungsspiegel.<\/li>\n<\/ol>\n\n\n\n<p>Alternative Systeme funktionieren, wenn sie mindestens zwei dieser Punkte erf\u00fcllen.<\/p>\n\n\n\n<h3 class=\"wp-block-heading\">Reflexion auf Peer-Ebene: wenn man nicht nach oben schaut<\/h3>\n\n\n\n<p>Eine der st\u00e4rksten - und am wenigsten genutzten - Formen ist die <strong>Peer-Level-Unterst\u00fctzung<\/strong>. Regelm\u00e4\u00dfiges Nachdenken mit Managern, die \u00e4hnliche Verantwortungsebenen haben, aber nicht in der gleichen Organisation oder im gleichen direkten Interesse sind.<\/p>\n\n\n\n<p>Seine St\u00e4rke liegt in der Tatsache, dass:<\/p>\n\n\n\n<ul class=\"wp-block-list\">\n<li>kein Druck zur Einhaltung,<\/li>\n\n\n\n<li>keine hierarchische Verzerrung,<\/li>\n\n\n\n<li>k\u00f6nnen die Dilemmata \u201eroh\u201d erscheinen.<\/li>\n<\/ul>\n\n\n\n<p>Es handelt sich nicht um eine freundliche Diskussion, sondern um eine strukturierte Reflexion. Sie funktioniert, wenn sie einen Rahmen, einen Rhythmus und einen Schwerpunkt hat. Andernfalls kann sie leicht in ein Jammern oder einen oberfl\u00e4chlichen Gedankenaustausch ausarten.<\/p>\n\n\n\n<p><em>Verwandter Inhalt:<\/em> <strong>Peer Support f\u00fcr F\u00fchrungskr\u00e4fte - warum keine Vernetzung und warum keine Therapie?<\/strong><\/p>\n\n\n\n<hr class=\"wp-block-separator has-alpha-channel-opacity\"\/>\n\n\n\n<h2 class=\"wp-block-heading\">Mentoring: wenn Sie Erfahrung und keine L\u00f6sungen brauchen<\/h2>\n\n\n\n<p>Mentoring wird oft mit Coaching verwechselt, obwohl es eine v\u00f6llig andere Funktion hat. In erster Linie <strong>Perspektive und Normalisierung<\/strong> ad. Die Anwesenheit einer erfahreneren F\u00fchrungskraft hilft der isolierten F\u00fchrungskraft zu verstehen, dass das, was sie erlebt, nicht einzigartig ist und nicht unbedingt etwas mit ihrer Kompetenz zu tun hat.<\/p>\n\n\n\n<p>Mentoring allein ist jedoch selten ausreichend. Der Mentor bringt Muster aus der Vergangenheit mit, w\u00e4hrend die isolierte F\u00fchrungskraft oft <strong>neue Arten von Situationen<\/strong> f\u00fcr die es kein fertiges Rezept gibt.<\/p>\n\n\n\n<p>Mentoring ist also wirksam, wenn es <strong>nicht sagen<\/strong>, sondern spielt auch eine kontextualisierende Rolle.<\/p>\n\n\n\n<p><em>Verwandter Inhalt:<\/em> <strong>Mentor oder Coach? Was kann ein Manager realistischerweise erwarten?<\/strong><\/p>\n\n\n\n<hr class=\"wp-block-separator has-alpha-channel-opacity\"\/>\n\n\n\n<h2 class=\"wp-block-heading\">Coaching als denkende Infrastruktur<\/h2>\n\n\n\n<p>In diesem Zusammenhang ist das Coaching kein Motivationsinstrument und keine \u201esanfte Unterst\u00fctzung\u201d. Vielmehr ist es eine <strong>externer Denkraum<\/strong>, wo sich der Fahrer befindet:<\/p>\n\n\n\n<ul class=\"wp-block-list\">\n<li>spielt keine Rolle,<\/li>\n\n\n\n<li>nicht darstellt,<\/li>\n\n\n\n<li>beweist nicht.<\/li>\n<\/ul>\n\n\n\n<p>Dies ist besonders wichtig f\u00fcr neu ernannte F\u00fchrungskr\u00e4fte, die versuchen, sich sowohl nach oben als auch nach unten anzupassen, w\u00e4hrend sich ihre eigene F\u00fchrungsidentit\u00e4t noch herausbildet.<\/p>\n\n\n\n<p>Das ist die Kraft des Coachings:<\/p>\n\n\n\n<ul class=\"wp-block-list\">\n<li>die Dilemmas zu strukturieren,<\/li>\n\n\n\n<li>hilft, pers\u00f6nliche Unsicherheiten von systemischen Problemen zu trennen,<\/li>\n\n\n\n<li>und erm\u00f6glicht dem Fahrer <strong>nicht allein denken<\/strong>.<\/li>\n<\/ul>\n\n\n\n<p><em>Verwandter Inhalt:<\/em> <strong>Wann ist Ihr Team nicht genug - und wann ist Coaching wirklich hilfreich?<\/strong><\/p>\n\n\n\n<hr class=\"wp-block-separator has-alpha-channel-opacity\"\/>\n\n\n\n<h2 class=\"wp-block-heading\">Neu ernannte F\u00fchrungskr\u00e4fte: Warum sind sie besonders betroffen?<\/h2>\n\n\n\n<p>Die Isolation ist besonders schwerwiegend f\u00fcr diejenigen, die <strong>Ver\u00e4nderung der F\u00fchrungsidentit\u00e4t<\/strong> die sie durchlaufen. Sie wechseln von der individuellen Leistung in eine verantwortungsvolle Rolle, oft innerhalb desselben Teams.<\/p>\n\n\n\n<p>In solchen F\u00e4llen m\u00fcssen Sie alles auf einmal tun:<\/p>\n\n\n\n<ul class=\"wp-block-list\">\n<li>um neue Entscheidungen zu treffen,<\/li>\n\n\n\n<li>die Neudefinition alter Beziehungsmuster,<\/li>\n\n\n\n<li>und implizite Erwartungen erf\u00fcllen, \u00fcber die niemand offen spricht.<\/li>\n<\/ul>\n\n\n\n<p>Wenn es in dieser Phase keine Unterst\u00fctzung gibt, wird die F\u00fchrungskraft sehr schnell die Isolation als \u201eNorm\u201d verinnerlichen. Dies ist der Punkt, an dem sich die Qualit\u00e4t der weiteren Arbeit entscheidet.<\/p>\n\n\n\n<p><em>\u00c4hnlicher Artikel:<\/em> <strong>Die ersten 90 Tage als F\u00fchrungskraft - warum ist ein Mangel an Unterst\u00fctzung kritisch?<\/strong><\/p>\n\n\n\n<hr class=\"wp-block-separator has-alpha-channel-opacity\"\/>\n\n\n\n<h2 class=\"wp-block-heading\">Die Isolation der F\u00fchrungskr\u00e4fte ist \u00fcberschaubar<\/h2>\n\n\n\n<p>Die Isolierung von Managern kann nicht beseitigt werden, aber <strong>verwalten<\/strong>. Der Unterschied ist gewaltig. F\u00fchrungskr\u00e4fte, die bewusst ein alternatives Unterst\u00fctzungssystem aufbauen, sind nicht weniger autonom - im Gegenteil, sie sind stabiler.<\/p>\n\n\n\n<h2 class=\"wp-block-heading\">Die F\u00fchrungskraft ohne Chef: ein neues Verst\u00e4ndnis von Verantwortung, Wahlm\u00f6glichkeiten und Unterst\u00fctzung<\/h2>\n\n\n\n<p>Die Position der isolierten F\u00fchrungskraft ist lange Zeit missverstanden worden. Organisationen sehen sie oft als St\u00e4rke an: \u201eunabh\u00e4ngig\u201d, \u201ereif\u201d, \u201enicht auf Hilfe angewiesen\u201d. In Wirklichkeit ist dieser Status jedoch nicht Reife, sondern <strong>Folge des strukturellen Defizits<\/strong>.<\/p>\n\n\n\n<p>Eine F\u00fchrungskraft, die keinen wirklichen Vorgesetzten hat, tr\u00e4gt mehr Verantwortung, nicht weniger. Er ist nicht nur f\u00fcr die Ergebnisse verantwortlich, sondern auch f\u00fcr den Entscheidungsrahmen. Die Richtung, das Tempo, die Grenzen und oft sogar die Auslegung der Erwartungen liegen auf seinen Schultern. Diese Situation ver\u00e4ndert die F\u00fchrungsrolle grundlegend.<\/p>\n\n\n\n<h3 class=\"wp-block-heading\">Die Verantwortung wird nicht reduziert, sie wird nur unsichtbar<\/h3>\n\n\n\n<p>Wenn die klassischen F\u00fchrungsebenen verschwinden, wird die Verantwortung nicht geteilt. Im Gegenteil: <strong>kondensiert<\/strong>. Die F\u00fchrungskraft erh\u00e4lt immer weniger ausdr\u00fcckliche R\u00fcckmeldungen dar\u00fcber, ob sie \u201ealles richtig macht\u201d, w\u00e4hrend die Folgen von Fehlern immer schneller und akuter werden.<\/p>\n\n\n\n<p>Dieses Umfeld kann leicht zu \u00fcberm\u00e4\u00dfiger Vorsicht oder sogar zu \u00fcberm\u00e4\u00dfigem Selbstvertrauen f\u00fchren. Beides hat seine Ursache im Fehlen eines von au\u00dfen kontrollierten Denkraums, in dem Entscheidungen im Voraus gepr\u00fcft werden k\u00f6nnen. Die F\u00fchrungskraft trifft nicht die falsche Entscheidung, sondern <strong>entscheidet allein<\/strong>.<\/p>\n\n\n\n<h3 class=\"wp-block-heading\">Entscheidungseinsamkeit als systemisches Risiko<\/h3>\n\n\n\n<p>Die Entscheidungsfindung allein ist nicht nur eine pers\u00f6nliche Belastung. Es ist auch ein Risiko auf organisatorischer Ebene. Isolierte F\u00fchrungskr\u00e4fte sind oft:<\/p>\n\n\n\n<ul class=\"wp-block-list\">\n<li>sp\u00e4ter um Hilfe bitten,<\/li>\n\n\n\n<li>ein Problem sp\u00e4ter melden,<\/li>\n\n\n\n<li>und sind eher geneigt, ihre eigene Unsicherheit als systemische Wahrheit zu interpretieren.<\/li>\n<\/ul>\n\n\n\n<p>Dies ist besonders gef\u00e4hrlich in einem sich schnell ver\u00e4ndernden Umfeld, in dem gutes Urteilsverm\u00f6gen keine absolute Wahrheit ist, sondern <strong>das Ergebnis einer kontinuierlichen Umstrukturierung<\/strong>. Eine F\u00fchrungskraft, die allein denkt, wird fr\u00fcher oder sp\u00e4ter engstirnig. Nicht intellektuell, aber perspektivisch.<\/p>\n\n\n\n<h3 class=\"wp-block-heading\">Neudefinition der Autonomie<\/h3>\n\n\n\n<p>Eine der wichtigsten \u00c4nderungen, die die isolierten F\u00fchrungskr\u00e4fte vornehmen m\u00fcssen, besteht darin, Autonomie neu zu definieren. Autonomie bedeutet nicht, \u201eniemandem gegen\u00fcber rechenschaftspflichtig zu sein\u201d. Echte Autonomie bedeutet, dass die F\u00fchrungskraft <strong>eine bewusste Entscheidung treffen<\/strong>, wo und mit wem Sie denken.<\/p>\n\n\n\n<p>Starke F\u00fchrungspers\u00f6nlichkeiten treten nicht deshalb selbstbewusst auf, weil sie alle Antworten kennen, sondern weil sie nicht versuchen, es selbst herauszufinden. Das Einfordern von Unterst\u00fctzung ist keine Schw\u00e4che, sondern <strong>F\u00fchrungskompetenz<\/strong>.<\/p>\n\n\n\n<h3 class=\"wp-block-heading\">Welchen Stellenwert hat das Coaching in diesem Zusammenhang?<\/h3>\n\n\n\n<p>In dieser neuen F\u00fchrungsrealit\u00e4t ist das Coaching kein Ersatz, sondern eine Infrastruktur. Es wird nicht ben\u00f6tigt, weil es \u201eProbleme\u201d gibt, sondern weil die F\u00fchrungsrolle <strong>ist komplexer geworden<\/strong>, als eine einzelne organisatorische Position bew\u00e4ltigen kann.<\/p>\n\n\n\n<p>Coaching ist besonders wichtig, wenn:<\/p>\n\n\n\n<ul class=\"wp-block-list\">\n<li>die F\u00fchrungskraft ist neu ernannt und befindet sich in einem Identit\u00e4tswechsel,<\/li>\n\n\n\n<li>Die Verantwortung ist gr\u00f6\u00dfer als die formale Unterst\u00fctzung,<\/li>\n\n\n\n<li>oder wenn die Folgen von Entscheidungen \u00fcber die operative Ebene hinausgehen.<\/li>\n<\/ul>\n\n\n\n<p>In solchen F\u00e4llen bietet das Coaching keine L\u00f6sungen, sondern <strong>ein Rahmen f\u00fcr das Denken<\/strong>. Es hilft zu unterscheiden, was eine pers\u00f6nliche Unsicherheit ist und was ein systemisches Dilemma ist. Diese Unterscheidung ist oft schon an sich eine Erleichterung.<\/p>\n\n\n\n<h3 class=\"wp-block-heading\">Was bedeutet das f\u00fcr die Praxis?<\/h3>\n\n\n\n<p>Die Isolierung von F\u00fchrungskr\u00e4ften kann nicht beseitigt werden, da sich flachere Organisationen nicht zur\u00fcckentwickeln werden. Was jedoch getan werden kann, ist, dass die F\u00fchrungskraft <strong>nicht unbewusst in ihm verbleibt<\/strong> in diesem Staat.<\/p>\n\n\n\n<p>Bewusste F\u00fchrungskr\u00e4fte:<\/p>\n\n\n\n<ul class=\"wp-block-list\">\n<li>Anzeichen von Isolation erkennen,<\/li>\n\n\n\n<li>die Einsamkeit der Entscheidung nicht normalisieren,<\/li>\n\n\n\n<li>und aktiv Unterst\u00fctzungsstrukturen aufbauen, die nicht hierarchisch, aber stabil sind.<\/li>\n<\/ul>\n\n\n\n<p>Dies ist keine Zeitverschwendung, sondern ein Weg, um die Qualit\u00e4t der Entscheidungen zu sichern.<\/p>\n\n\n\n<h3 class=\"wp-block-heading\">Zusammenfassender Gedanke<\/h3>\n\n\n\n<p>Autofahren ist nicht mehr schwierig, weil es zu viele Regeln gibt oder zu eng gefasst ist. Sondern weil <strong>zu wenig Haltegriffe<\/strong>. Die Isolation von F\u00fchrungskr\u00e4ften ist eine nat\u00fcrliche Begleiterscheinung dieser Zeit.<\/p>\n\n\n\n<p>Die Frage ist nicht, ob es Sie betrifft, sondern was der Manager damit macht.<\/p>\n\n\n\n<p>Der CoachLab-Ansatz besagt, dass eine gute F\u00fchrungskraft kein einsamer Held ist, sondern ein bewusster Entscheidungstr\u00e4ger, der versteht, dass Verantwortung nicht geteilt werden kann, aber das Denken schon.<\/p>\n<span class=\"et_bloom_bottom_trigger\"><\/span>","protected":false},"excerpt":{"rendered":"<p>Was passiert, wenn man zum Manager ernannt wird, es aber kein \u00fcbergeordnetes Management gibt, das einen weiterbesch\u00e4ftigt?<br \/>\nDie Verantwortung wird wachsen, das Gewicht der Entscheidungen wird zunehmen - aber die Unterst\u00fctzung wird schwinden.<\/p>\n<p>Die Isolation von F\u00fchrungskr\u00e4ften ist kein individuelles Problem, sondern ein Symptom f\u00fcr eine neue \u00c4ra der F\u00fchrung. In diesem Artikel gehen wir der Frage nach, warum F\u00fchrungskr\u00e4fte sich selbst \u00fcberlassen sind, warum weder die Strategie \u201eIch komme schon zurecht\u201d noch die Strategie \u201eSei ein Coach um jeden Preis\u201d funktioniert und wie man auch dann gut f\u00fchrt, wenn es kein Sicherheitsnetz gibt.<\/p>\n<p>Wenn Sie eine F\u00fchrungskraft sind oder gerade eine F\u00fchrungsrolle \u00fcbernommen haben, dann geht es in diesem Artikel um Sie - auch wenn Sie Ihre Position noch nicht so genannt haben.<\/p>","protected":false},"author":1,"featured_media":15768052,"comment_status":"closed","ping_status":"open","sticky":false,"template":"","format":"standard","meta":{"_et_pb_use_builder":"","_et_pb_old_content":"","_et_gb_content_width":"","footnotes":""},"categories":[350,57],"tags":[90,89],"class_list":["post-15768048","post","type-post","status-publish","format-standard","has-post-thumbnail","hentry","category-fiatal-vezetok","category-vezetofejlesztes","tag-executive-coach","tag-vezetofejlesztes"],"_links":{"self":[{"href":"https:\/\/coachlab.hu\/de\/wp-json\/wp\/v2\/posts\/15768048","targetHints":{"allow":["GET"]}}],"collection":[{"href":"https:\/\/coachlab.hu\/de\/wp-json\/wp\/v2\/posts"}],"about":[{"href":"https:\/\/coachlab.hu\/de\/wp-json\/wp\/v2\/types\/post"}],"author":[{"embeddable":true,"href":"https:\/\/coachlab.hu\/de\/wp-json\/wp\/v2\/users\/1"}],"replies":[{"embeddable":true,"href":"https:\/\/coachlab.hu\/de\/wp-json\/wp\/v2\/comments?post=15768048"}],"version-history":[{"count":5,"href":"https:\/\/coachlab.hu\/de\/wp-json\/wp\/v2\/posts\/15768048\/revisions"}],"predecessor-version":[{"id":15768078,"href":"https:\/\/coachlab.hu\/de\/wp-json\/wp\/v2\/posts\/15768048\/revisions\/15768078"}],"wp:featuredmedia":[{"embeddable":true,"href":"https:\/\/coachlab.hu\/de\/wp-json\/wp\/v2\/media\/15768052"}],"wp:attachment":[{"href":"https:\/\/coachlab.hu\/de\/wp-json\/wp\/v2\/media?parent=15768048"}],"wp:term":[{"taxonomy":"category","embeddable":true,"href":"https:\/\/coachlab.hu\/de\/wp-json\/wp\/v2\/categories?post=15768048"},{"taxonomy":"post_tag","embeddable":true,"href":"https:\/\/coachlab.hu\/de\/wp-json\/wp\/v2\/tags?post=15768048"}],"curies":[{"name":"wp","href":"https:\/\/api.w.org\/{rel}","templated":true}]}}